{"id":16405,"date":"2022-08-09T23:55:29","date_gmt":"2022-08-09T21:55:29","guid":{"rendered":"http:\/\/shalom.org.pl\/?p=16405"},"modified":"2022-08-09T23:55:29","modified_gmt":"2022-08-09T21:55:29","slug":"jewish-literary-salon-promotion-of-the-book-swiatlosc-i-mrok-by-malgorzata-niezabitowska","status":"publish","type":"post","link":"https:\/\/shalom.org.pl\/en\/jewish-literary-salon-promotion-of-the-book-swiatlosc-i-mrok-by-malgorzata-niezabitowska\/","title":{"rendered":"Jewish Literary Salon: promotion of the book \u201c\u015awiat\u0142o\u015b\u0107 i mrok\u201d by MA\u0141GORZATA NIEZABITOWSKA"},"content":{"rendered":"<p><strong>Jewish Literary Salon: promotion of the book \u201c\u015awiat\u0142o\u015b\u0107 i mrok\u201d by MA\u0141GORZATA NIEZABITOWSKA<\/strong><\/p>\n<p>Hosted by:<strong> Remigiusz Grzela<\/strong><\/p>\n<p>(Wydawnictwo Znak, 2022)<\/p>\n<p><strong>Austrian Cultural Forum, 7\/9 Pr\u00f3\u017cna St.<\/strong><\/p>\n<p>Free &nbsp;entry; seats are not numbered<\/p>\n","protected":false},"excerpt":{"rendered":"<p>Jewish Literary Salon: promotion of the book \u201c\u015awiat\u0142o\u015b\u0107 i mrok\u201d by MA\u0141GORZATA NIEZABITOWSKA Hosted by: Remigiusz Grzela (Wydawnictwo Znak, 2022) [&hellip;]<\/p>\n","protected":false},"author":5,"featured_media":0,"comment_status":"open","ping_status":"open","sticky":false,"template":"","format":"standard","meta":{"_acf_changed":false,"ngg_post_thumbnail":0,"footnotes":""},"categories":[64],"tags":[122],"class_list":["post-16405","post","type-post","status-publish","format-standard","hentry","category-program-en","tag-literary-salon"],"acf":[],"_links":{"self":[{"href":"https:\/\/shalom.org.pl\/en\/wp-json\/wp\/v2\/posts\/16405","targetHints":{"allow":["GET"]}}],"collection":[{"href":"https:\/\/shalom.org.pl\/en\/wp-json\/wp\/v2\/posts"}],"about":[{"href":"https:\/\/shalom.org.pl\/en\/wp-json\/wp\/v2\/types\/post"}],"author":[{"embeddable":true,"href":"https:\/\/shalom.org.pl\/en\/wp-json\/wp\/v2\/users\/5"}],"replies":[{"embeddable":true,"href":"https:\/\/shalom.org.pl\/en\/wp-json\/wp\/v2\/comments?post=16405"}],"version-history":[{"count":1,"href":"https:\/\/shalom.org.pl\/en\/wp-json\/wp\/v2\/posts\/16405\/revisions"}],"predecessor-version":[{"id":16406,"href":"https:\/\/shalom.org.pl\/en\/wp-json\/wp\/v2\/posts\/16405\/revisions\/16406"}],"wp:attachment":[{"href":"https:\/\/shalom.org.pl\/en\/wp-json\/wp\/v2\/media?parent=16405"}],"wp:term":[{"taxonomy":"category","embeddable":true,"href":"https:\/\/shalom.org.pl\/en\/wp-json\/wp\/v2\/categories?post=16405"},{"taxonomy":"post_tag","embeddable":true,"href":"https:\/\/shalom.org.pl\/en\/wp-json\/wp\/v2\/tags?post=16405"}],"curies":[{"name":"wp","href":"https:\/\/api.w.org\/{rel}","templated":true}]}}