{"id":14452,"date":"2021-08-17T01:03:16","date_gmt":"2021-08-16T23:03:16","guid":{"rendered":"http:\/\/shalom.org.pl\/?p=14452"},"modified":"2021-08-19T21:07:11","modified_gmt":"2021-08-19T19:07:11","slug":"uroczyste-otwarcie-festiwalu-koncert-kantoralny-yoni-rose-de-oraz-ze-specjalnym-udzialem-on-line-yaakov-lemmer-us-i-nachman-turgeman-il","status":"publish","type":"post","link":"https:\/\/shalom.org.pl\/en\/uroczyste-otwarcie-festiwalu-koncert-kantoralny-yoni-rose-de-oraz-ze-specjalnym-udzialem-on-line-yaakov-lemmer-us-i-nachman-turgeman-il\/","title":{"rendered":"UWAGA: ZMIANA \/\/ UROCZYSTE OTWARCIE FESTIWALU \u2013 KONCERT KANTORALNY:  YONI ROSE |DE| | ANNA SIKORZAK-OLEK\u00a0"},"content":{"rendered":"<h3><span style=\"font-size: 14pt;\"><strong>UROCZYSTE OTWARCIE FESTIWALU \u2013 KONCERT KANTORALNY: YONI ROSE |<\/strong>DE|<\/span><\/h3>\n<h3>| ANNA SIKORZAK-OLEK<\/h3>\n<p>Akompaniament: <strong>Roglit Miryam Ishay<\/strong> (piano)<\/p>\n<p>Producent:<strong> Yosi Notkowitz <\/strong>|IL|<\/p>\n<p>&nbsp;<\/p>\n<p>Wyst\u0119p kantora poprzedzi koncert harfistki <strong>Anny Sikorzak-Olek<\/strong><\/p>\n<p>W programie koncertu:<\/p>\n<table style=\"border-collapse: collapse; width: 100%; height: 72px;\">\n<tbody>\n<tr style=\"height: 24px;\">\n<td style=\"width: 16.1818%; height: 24px;\">Piotr Moss<\/td>\n<td style=\"width: 83.8182%; height: 24px;\">\u201eNoc szybuje nade mn\u0105\u201d &#8211;&nbsp; prawykonanie na harfie celtyckiej&nbsp;<\/td>\n<\/tr>\n<tr style=\"height: 24px;\">\n<td style=\"width: 16.1818%; height: 24px;\">Carlos Salzedo<\/td>\n<td style=\"width: 83.8182%; height: 24px;\">5 Preludi\u00f3w Intymnych na harf\u0119 solo :<\/p>\n<p>Tenderly emoted, Dreamingly, <span lang=\"EN-US\">Profonundly peaceful,<\/span><span lang=\"EN-US\"> In self-communion,<\/span><span lang=\"EN-US\">&nbsp;Procession-like<\/span><\/td>\n<\/tr>\n<tr style=\"height: 24px;\">\n<td style=\"width: 16.1818%; height: 24px;\">Carlos Salzedo<\/td>\n<td style=\"width: 83.8182%; height: 24px;\">Tango, Rumba, Chanson dans la Nuit<\/td>\n<\/tr>\n<\/tbody>\n<\/table>\n<p>&nbsp;<\/p>\n<table style=\"border-collapse: collapse; width: 100%; height: 212px;\">\n<tbody>\n<tr style=\"height: 392px;\">\n<td style=\"width: 39.3433%; height: 212px;\"><img fetchpriority=\"high\" decoding=\"async\" class=\"alignnone size-medium wp-image-8346\" src=\"http:\/\/shalom.org.pl\/wp-content\/uploads\/2019\/06\/Yoni-Rose_m-300x200.jpg\" alt=\"\" width=\"300\" height=\"200\" srcset=\"https:\/\/shalom.org.pl\/wp-content\/uploads\/2019\/06\/Yoni-Rose_m-300x200.jpg 300w, https:\/\/shalom.org.pl\/wp-content\/uploads\/2019\/06\/Yoni-Rose_m-768x512.jpg 768w, https:\/\/shalom.org.pl\/wp-content\/uploads\/2019\/06\/Yoni-Rose_m.jpg 1024w, https:\/\/shalom.org.pl\/wp-content\/uploads\/2019\/06\/Yoni-Rose_m-382x255.jpg 382w, https:\/\/shalom.org.pl\/wp-content\/uploads\/2019\/06\/Yoni-Rose_m-350x233.jpg 350w\" sizes=\"(max-width: 300px) 100vw, 300px\" \/><\/td>\n<td style=\"width: 60.6567%; height: 212px;\">Kantor <strong>Yoni Rose<\/strong> koncertowa\u0142 w ca\u0142ej Europie i Stanach Zjednoczonych. Wyst\u0119powa\u0142 m.in. w Budapeszcie, Pradze i w miastach w ca\u0142ych Niemczech, w tym we Frankfurcie nad Menem \u2013 mie\u015bcie, w kt\u00f3rym na co dzie\u0144 jest chazanem spo\u0142eczno\u015bci \u017cydowskiej. Ostatnio \u015bpiewa\u0142 wraz z Jerozolimskim Wielkim Ch\u00f3rem Synagogalnym pod dyrekcj\u0105 maestro Elliego Jaffe, a jako go\u015b\u0107 wyst\u0119powa\u0142 w Wielkiej Synagodze w Jerozolimie. Zanim osi\u0105gn\u0105\u0142 pozycj\u0119 chazana, wsp\u00f3\u0142pracowa\u0142 m.in. z Wolf Trap Opera, The Glimmerglass Festival i The Santa Fe Opera. Wygra\u0142 tak\u017ce kilka presti\u017cowych konkurs\u00f3w wokalnych. Na scenie mi\u0119dzynarodowej jest ceniony i jako mistrz \u015bpiewu kantoralnego, i jako \u015bpiewak koncertowy i operowy. Doskona\u0142y w wielu stylach muzycznych ,od klasycznych utwor\u00f3w <em>chazanus<\/em> przez melodie broadway&#8217;owe po nowoczesne kompozycje, wci\u0105\u017c zachwyca publiczno\u015b\u0107 i krytyk\u00f3w muzycznych swoim artyzmem i talentem wokalnym.<\/td>\n<\/tr>\n<\/tbody>\n<\/table>\n<hr>\n<p><span style=\"font-size: 10pt;\"><strong>Synagoga im. Ma\u0142\u017conk\u00f3w No\u017cyk\u00f3w<\/strong><strong>, ul. Twarda 6<\/strong><\/span><\/p>\n<p><span style=\"font-size: 10pt;\">Bilety: 100 PLN \u2013 do nabycia na: www.ebilet.pl, www.teatr-zydowski.art.pl, w Biurze Organizacji Widowni tel. 22 526 20 34; 22 850 64 50 lub 51 oraz w kasach Teatru \u017bydowskiego, ul. Senatorska 35, tel. 22 850 64 35 lub w Klubie Dow\u00f3dztwa Garnizonu Warszawa, al. Niepodleg\u0142o\u015bci 141a, tel. 22 850 56 56 (szczeg\u00f3\u0142owe informacje na stronie www.shalom.org.pl); m\u0119\u017cczyzn obowi\u0105zuj\u0105 nakrycia g\u0142owy, miejsca nie s\u0105 numerowane<\/span><\/p>\n<p><span style=\"font-size: 10pt;\">Wydarzenie tak\u017ce transmitowane on-line \u2013 szczeg\u00f3\u0142y na: www.festiwalsingera.pl<\/span><\/p>\n","protected":false},"excerpt":{"rendered":"<p>UROCZYSTE OTWARCIE FESTIWALU \u2013 KONCERT KANTORALNY: YONI ROSE |DE| | ANNA SIKORZAK-OLEK Akompaniament: Roglit Miryam Ishay (piano) Producent: Yosi Notkowitz [&hellip;]<\/p>\n","protected":false},"author":5,"featured_media":0,"comment_status":"open","ping_status":"open","sticky":false,"template":"","format":"standard","meta":{"_acf_changed":false,"ngg_post_thumbnail":0,"footnotes":""},"categories":[53],"tags":[71],"class_list":["post-14452","post","type-post","status-publish","format-standard","hentry","category-program","tag-koncert"],"acf":[],"_links":{"self":[{"href":"https:\/\/shalom.org.pl\/en\/wp-json\/wp\/v2\/posts\/14452","targetHints":{"allow":["GET"]}}],"collection":[{"href":"https:\/\/shalom.org.pl\/en\/wp-json\/wp\/v2\/posts"}],"about":[{"href":"https:\/\/shalom.org.pl\/en\/wp-json\/wp\/v2\/types\/post"}],"author":[{"embeddable":true,"href":"https:\/\/shalom.org.pl\/en\/wp-json\/wp\/v2\/users\/5"}],"replies":[{"embeddable":true,"href":"https:\/\/shalom.org.pl\/en\/wp-json\/wp\/v2\/comments?post=14452"}],"version-history":[{"count":12,"href":"https:\/\/shalom.org.pl\/en\/wp-json\/wp\/v2\/posts\/14452\/revisions"}],"predecessor-version":[{"id":14514,"href":"https:\/\/shalom.org.pl\/en\/wp-json\/wp\/v2\/posts\/14452\/revisions\/14514"}],"wp:attachment":[{"href":"https:\/\/shalom.org.pl\/en\/wp-json\/wp\/v2\/media?parent=14452"}],"wp:term":[{"taxonomy":"category","embeddable":true,"href":"https:\/\/shalom.org.pl\/en\/wp-json\/wp\/v2\/categories?post=14452"},{"taxonomy":"post_tag","embeddable":true,"href":"https:\/\/shalom.org.pl\/en\/wp-json\/wp\/v2\/tags?post=14452"}],"curies":[{"name":"wp","href":"https:\/\/api.w.org\/{rel}","templated":true}]}}