{"id":14279,"date":"2021-08-12T22:03:38","date_gmt":"2021-08-12T20:03:38","guid":{"rendered":"http:\/\/shalom.org.pl\/?p=14279"},"modified":"2021-08-12T22:05:58","modified_gmt":"2021-08-12T20:05:58","slug":"academic-session-in-the-yiddish-cultural-center-the-jewish-school-and-upbringing-before-and-today-contexts-and-inspirations-under-the-academic-supervision-of-anna-szyba","status":"publish","type":"post","link":"https:\/\/shalom.org.pl\/en\/academic-session-in-the-yiddish-cultural-center-the-jewish-school-and-upbringing-before-and-today-contexts-and-inspirations-under-the-academic-supervision-of-anna-szyba\/","title":{"rendered":"Academic session in the Yiddish Cultural Center: \u201cThe Jewish school and upbringing before and today. Contexts and inspirations\u201d under the academic supervision of Anna Szyba"},"content":{"rendered":"<p><span style=\"font-size: 14pt; color: #9472d4;\"><strong>11.00-17.30<\/strong><\/span><\/p>\n<hr>\n<h3><strong>Academic session in the Yiddish Cultural Center: \u201cThe Jewish school and upbringing before and today. Contexts and inspirations\u201d under the academic supervision of Anna Szyba<\/strong><\/h3>\n<p>&nbsp;<\/p>\n<p><span style=\"color: #9472d4;\"><strong>PROGRAM:<\/strong><\/span><\/p>\n<hr>\n<p><span style=\"color: #9472d4;\"><strong>10.00-10.05<\/strong><\/span> Welcome<\/p>\n<p><span style=\"text-decoration: underline;\"><strong>Before the war:<\/strong><\/span><\/p>\n<p><strong><span style=\"color: #9472d4;\">10.05-10.35<\/span> Bella Szwarcman-Czarnota: \u201cYiddish in the first place. Two facilities in the city of Vilnius between the wars: Jewish Teachers College and Jewish Music Institute\u201d<\/strong><\/p>\n<p><span style=\"color: #9472d4;\"><strong>10.35-11.05 <\/strong><\/span><strong>Anna Szyba:<\/strong> <strong>\u201cAt that time, the school was the only light in my gloomy life. The schools of the Jewish Central Education Organization according to the students\u201d<\/strong><\/p>\n<p><span style=\"color: #9472d4;\"><strong>11.05-11.20 <\/strong><\/span>Discussion\/QA session<\/p>\n<p><span style=\"text-decoration: underline;\"><strong>War:<\/strong><\/span><\/p>\n<p><span style=\"color: #9472d4;\"><strong>11.30-12.00<\/strong><\/span> <strong>Agnieszka Witkowska-Krych<\/strong>: <strong>\u201cUpbringing in the borderline situation, i.e. about the ghetto day rooms for the children of refugees and migrants\/displaced people\u201d<\/strong><\/p>\n<p><span style=\"color: #9472d4;\"><strong>12.00-12.30<\/strong><\/span> <strong>Lidia Zessin-Jurek<\/strong>:<strong> \u201cBrought up to resist &#8211; the school of the interwar period and the decisions about the emigration of the Jewish generation of \u201cKolumbs\u201d (1939)\u201d<\/strong><\/p>\n<p><span style=\"color: #9472d4;\"><strong>12.30-12.45<\/strong><\/span> Discussion\/QA session<\/p>\n<p><span style=\"text-decoration: underline;\"><strong>After the war:<\/strong><\/span><\/p>\n<p><span style=\"color: #9472d4;\"><strong>13.45-14.15 <\/strong><\/span><strong>Martyna P\u0142atek:<\/strong> \u201c<strong>Educational and upbringing methods used in the post-war Jewish orphanages \u2013 the case of Piotrolesie\u201d<\/strong><\/p>\n<p><span style=\"color: #9472d4;\"><strong>14.15-14.45 <\/strong><\/span><strong>Helena Datner: \u201cAfter the Holocaust. The educational program of the schools under the Jewish Committees (1944-1950)\u201d<\/strong><\/p>\n<p><strong>14.45-15.00<\/strong> Discussion\/QA session<\/p>\n<p><span style=\"color: #9472d4;\"><strong>15.15-16.15<\/strong><\/span> <strong>\u201cToday&#8217;s Jewish school. News, outlook\u201d \u2013 the debate with Agata Patalas, Ma\u0142gorzata Kordowicz, Bella Szwarcman-Czarnota and Patryk Pufelski, hosted by Anna Szyba<\/strong><\/p>\n<p><span style=\"color: #9472d4;\"><strong>16.30 <\/strong><\/span><strong>Screening of \u201cPerecowicze\u201d according to Go\u0142da Tencer&#8217;s idea, directed by S\u0142awomir Gr\u00fcnberg<\/strong><\/p>\n<p>Production: The Shalom Foundation, Poland 2009, 52 min<\/p>\n<hr>\n<p><span style=\"font-size: 10pt;\"><strong>Yiddish Cultural Center, 15 Andersa St.<\/strong><\/span><\/p>\n<p><span style=\"font-size: 10pt;\">Entry upon confirmation, registration available until 20 August at: <a href=\"https:\/\/poczta.o2.pl\/d\/\">cjk@jidysz.org.pl<\/a>; a limited number of seats<\/span><\/p>\n<p><span style=\"font-size: 10pt;\">This event will also be broadcast online &#8211; for details, please visit: <a href=\"http:\/\/www.festiwalsingera.pl\">www.festiwalsingera.pl<\/a><\/span><\/p>\n<p>&nbsp;<\/p>\n","protected":false},"excerpt":{"rendered":"<p>11.00-17.30 Academic session in the Yiddish Cultural Center: \u201cThe Jewish school and upbringing before and today. Contexts and inspirations\u201d under [&hellip;]<\/p>\n","protected":false},"author":5,"featured_media":0,"comment_status":"open","ping_status":"open","sticky":false,"template":"","format":"standard","meta":{"_acf_changed":false,"ngg_post_thumbnail":0,"footnotes":""},"categories":[64],"tags":[132,116],"class_list":["post-14279","post","type-post","status-publish","format-standard","hentry","category-program-en","tag-lecture-en","tag-movie"],"acf":[],"_links":{"self":[{"href":"https:\/\/shalom.org.pl\/en\/wp-json\/wp\/v2\/posts\/14279","targetHints":{"allow":["GET"]}}],"collection":[{"href":"https:\/\/shalom.org.pl\/en\/wp-json\/wp\/v2\/posts"}],"about":[{"href":"https:\/\/shalom.org.pl\/en\/wp-json\/wp\/v2\/types\/post"}],"author":[{"embeddable":true,"href":"https:\/\/shalom.org.pl\/en\/wp-json\/wp\/v2\/users\/5"}],"replies":[{"embeddable":true,"href":"https:\/\/shalom.org.pl\/en\/wp-json\/wp\/v2\/comments?post=14279"}],"version-history":[{"count":2,"href":"https:\/\/shalom.org.pl\/en\/wp-json\/wp\/v2\/posts\/14279\/revisions"}],"predecessor-version":[{"id":14282,"href":"https:\/\/shalom.org.pl\/en\/wp-json\/wp\/v2\/posts\/14279\/revisions\/14282"}],"wp:attachment":[{"href":"https:\/\/shalom.org.pl\/en\/wp-json\/wp\/v2\/media?parent=14279"}],"wp:term":[{"taxonomy":"category","embeddable":true,"href":"https:\/\/shalom.org.pl\/en\/wp-json\/wp\/v2\/categories?post=14279"},{"taxonomy":"post_tag","embeddable":true,"href":"https:\/\/shalom.org.pl\/en\/wp-json\/wp\/v2\/tags?post=14279"}],"curies":[{"name":"wp","href":"https:\/\/api.w.org\/{rel}","templated":true}]}}