{"id":13903,"date":"2021-07-19T23:35:36","date_gmt":"2021-07-19T21:35:36","guid":{"rendered":"http:\/\/shalom.org.pl\/?p=13903"},"modified":"2021-07-20T23:22:10","modified_gmt":"2021-07-20T21:22:10","slug":"warszawa-singera-w-wawrze-koncert-plenerowy-jidyszland-karolina-cicha-spolka","status":"publish","type":"post","link":"https:\/\/shalom.org.pl\/en\/warszawa-singera-w-wawrze-koncert-plenerowy-jidyszland-karolina-cicha-spolka\/","title":{"rendered":"Warszawa Singera w Wawrze \u2013 koncert plenerowy: \u201eJidyszland\u201d | KAROLINA CICHA &#038; SP\u00d3\u0141KA"},"content":{"rendered":"<h3><strong>Warszawa Singera w Wawrze \u2013 koncert plenerowy: \u201eJidyszland\u201d | KAROLINA CICHA &amp; SP\u00d3\u0141KA<\/strong><\/h3>\n<p><img fetchpriority=\"high\" decoding=\"async\" class=\"alignnone wp-image-13936 size-large\" src=\"http:\/\/shalom.org.pl\/wp-content\/uploads\/2021\/07\/DSC_3668-1024x683.jpg\" alt=\"\" width=\"1024\" height=\"683\" srcset=\"https:\/\/shalom.org.pl\/wp-content\/uploads\/2021\/07\/DSC_3668-1024x683.jpg 1024w, https:\/\/shalom.org.pl\/wp-content\/uploads\/2021\/07\/DSC_3668-300x200.jpg 300w, https:\/\/shalom.org.pl\/wp-content\/uploads\/2021\/07\/DSC_3668-768x512.jpg 768w, https:\/\/shalom.org.pl\/wp-content\/uploads\/2021\/07\/DSC_3668-383x255.jpg 383w, https:\/\/shalom.org.pl\/wp-content\/uploads\/2021\/07\/DSC_3668-350x233.jpg 350w\" sizes=\"(max-width: 1024px) 100vw, 1024px\" \/><\/p>\n<hr>\n<p><span style=\"font-size: 10pt;\"><strong>Wawerskie Centrum Kultury filia FALENICA ul. Walcownicza 2<\/strong><\/span><\/p>\n<p><span style=\"font-size: 10pt;\">Wst\u0119p wolny, liczba miejsc ograniczona, obowi\u0105zuj\u0105 limity publiczno\u015bci zwi\u0105zane z aktualnymi na ten dzie\u0144 przepisami sanitarnymi<\/span><\/p>\n<hr>\n<p><span style=\"font-size: 10pt;\"><em>Wydarzenie towarzysz\u0105ce zorganizowane <\/em><em>przez Wawerskie Centrum Kultury<\/em><\/span><\/p>\n","protected":false},"excerpt":{"rendered":"<p>Warszawa Singera w Wawrze \u2013 koncert plenerowy: \u201eJidyszland\u201d | KAROLINA CICHA &amp; SP\u00d3\u0141KA Wawerskie Centrum Kultury filia FALENICA ul. Walcownicza [&hellip;]<\/p>\n","protected":false},"author":5,"featured_media":0,"comment_status":"open","ping_status":"open","sticky":false,"template":"","format":"standard","meta":{"_acf_changed":false,"ngg_post_thumbnail":0,"footnotes":""},"categories":[53],"tags":[71],"class_list":["post-13903","post","type-post","status-publish","format-standard","hentry","category-program","tag-koncert"],"acf":[],"_links":{"self":[{"href":"https:\/\/shalom.org.pl\/en\/wp-json\/wp\/v2\/posts\/13903","targetHints":{"allow":["GET"]}}],"collection":[{"href":"https:\/\/shalom.org.pl\/en\/wp-json\/wp\/v2\/posts"}],"about":[{"href":"https:\/\/shalom.org.pl\/en\/wp-json\/wp\/v2\/types\/post"}],"author":[{"embeddable":true,"href":"https:\/\/shalom.org.pl\/en\/wp-json\/wp\/v2\/users\/5"}],"replies":[{"embeddable":true,"href":"https:\/\/shalom.org.pl\/en\/wp-json\/wp\/v2\/comments?post=13903"}],"version-history":[{"count":3,"href":"https:\/\/shalom.org.pl\/en\/wp-json\/wp\/v2\/posts\/13903\/revisions"}],"predecessor-version":[{"id":13937,"href":"https:\/\/shalom.org.pl\/en\/wp-json\/wp\/v2\/posts\/13903\/revisions\/13937"}],"wp:attachment":[{"href":"https:\/\/shalom.org.pl\/en\/wp-json\/wp\/v2\/media?parent=13903"}],"wp:term":[{"taxonomy":"category","embeddable":true,"href":"https:\/\/shalom.org.pl\/en\/wp-json\/wp\/v2\/categories?post=13903"},{"taxonomy":"post_tag","embeddable":true,"href":"https:\/\/shalom.org.pl\/en\/wp-json\/wp\/v2\/tags?post=13903"}],"curies":[{"name":"wp","href":"https:\/\/api.w.org\/{rel}","templated":true}]}}