{"id":13885,"date":"2021-07-19T23:11:58","date_gmt":"2021-07-19T21:11:58","guid":{"rendered":"http:\/\/shalom.org.pl\/?p=13885"},"modified":"2021-08-12T23:45:50","modified_gmt":"2021-08-12T21:45:50","slug":"pokaz-przedpremierowy-po-raz-pierwszy-w-warszawie-filmu-krafftowna-w-krainie-czarow-oraz-spotkanie-z-barbara-krafftowna-i-tworcami-filmu","status":"publish","type":"post","link":"https:\/\/shalom.org.pl\/en\/pokaz-przedpremierowy-po-raz-pierwszy-w-warszawie-filmu-krafftowna-w-krainie-czarow-oraz-spotkanie-z-barbara-krafftowna-i-tworcami-filmu\/","title":{"rendered":"Pokaz przedpremierowy (po raz pierwszy w Warszawie) filmu \u201eKrafft\u00f3wna w krainie czar\u00f3w\u201d oraz spotkanie z BARBAR\u0104 KRAFFT\u00d3WN\u0104  i tw\u00f3rcami filmu"},"content":{"rendered":"<h3><strong>Pokaz przedpremierowy (po raz pierwszy w Warszawie) filmu \u201eKrafft\u00f3wna w krainie czar\u00f3w\u201d oraz spotkanie z BARBAR\u0104 KRAFFT\u00d3WN\u0104 i tw\u00f3rcami filmu<\/strong><\/h3>\n<p>&nbsp;<\/p>\n<p>Na transmisj\u0119 spotkania zapraszamy&nbsp;do serwisu&nbsp;<a href=\"https:\/\/ninateka.pl\/\" rel=\"noopener noreferrer\" data-saferedirecturl=\"https:\/\/zasobygwp.pl\/redirect?sig=1700b0e83ec43139940f3b7614e59b242e598a01c398b53d97c5202cda31d043&amp;url=aHR0cHM6Ly9uaW5hdGVrYS5wbC8=&amp;platform=desktop&amp;brand=o2\">ninateka.pl&nbsp;<\/a>o godzinie 17:30<\/p>\n<p>&nbsp;<\/p>\n<p><strong>&#8220;Krafft\u00f3wna w Krainie Czar\u00f3w&#8221;<\/strong><\/p>\n<p>Film dokumentalny wersji polskiej z napisami w j\u0119z. angielskim (Polska 2021, 82 min)<\/p>\n<p>Re\u017cyseria: <strong>Maciej Kowalewski<\/strong>, <strong>Piotr Konstantinow<\/strong>, scenariusz i wywiady: <strong>Remigiusz Grzela<\/strong>, zdj\u0119cia: <strong>Bartosz Piotrowski<\/strong>, <strong>Marcin Janos Krawczyk<\/strong><\/p>\n<p>Koprodukcja: Polski Instytut Sztuki Filmowej \/ Telewizja Polska \/ Wytw\u00f3rnia Film\u00f3w Dokumentalnych i Fabularnych (WFDiF)<\/p>\n<p>&nbsp;<\/p>\n<p>Stara aktorka \u2013 to <strong>\u201edziwne dziecko\u201d<\/strong> \u2013 jest lustrem widza. Zadaje mu zagadki i opowiada z u\u015bmiechem o wcale nie<br \/>\nnajja\u015bniejszym \u015bwiecie. Jest Alicj\u0105 kt\u00f3ra doros\u0142a. Filmowy, kreacyjny portret, wybitnej aktorki teatralnej i filmowej, kt\u00f3ry przeprowadza widza do \u015bwiata w\u0142a\u015bciwie ju\u017c nie istniej\u0105cego, bo jak m\u00f3wi Barbara Krafft\u00f3wna w filmie, <strong>\u201eOgromny \u015bwiat, w kt\u00f3rym \u017cy\u0142am jest ju\u017c po tamtej <\/strong><strong>stronie lustra\u2026\u201d<\/strong><\/p>\n<p>Wyobra\u017ania zawsze by\u0142a dla Krafft\u00f3wny ucieczk\u0105 z beznadziei, bo jej pe\u0142na zawodowych sukces\u00f3w biografia, prywatnie nie by\u0142a pozbawiona tragedii. G\u0142\u00f3wn\u0105 narracj\u0105 filmu s\u0105 monologi wewn\u0119trzne bohaterki, te archiwalne, zbierane przez lata przez narratora i scenarzyst\u0119 filmu, Remigiusza Grzel\u0119 i te nagrane wsp\u00f3\u0142cze\u015bnie, r\u00f3wnie\u017c ich rozmowy. Monologi nawi\u0105zuj\u0105 do najwybitniejszej filmowej roli Krafft\u00f3wny w filmie Wojciecha Jerzego Hasa, &#8220;Jak by\u0107 kochan\u0105&#8221;, nominowanym do Z\u0142otej Palmy w Cannes, sama dosta\u0142a za ni\u0105 g\u0142\u00f3wn\u0105 nagrod\u0119 Golden Gates na Mi\u0119dzynarodowym Festiwalu Filmowym w San Francisco. &#8220;Alicja w krainie czar\u00f3w&#8221; nie przestaje inspirowa\u0107 tw\u00f3rc\u00f3w na ca\u0142ym \u015bwiecie.<\/p>\n<p><strong>\u201eTo jest dziewczynka. Znale\u017ali\u015bmy j\u0105 dzisiaj. Jest du\u017ca jak \u017cywa i o wiele bardziej prawdziwa\u201d<\/strong> \u2013 m\u00f3wi\u0142 Jednoro\u017cec. Sam Carroll m\u00f3wi\u0142, \u017ce to <strong>\u201edziwne dziecko, kt\u00f3re wy\u017cywa si\u0119 w udawaniu\u201d<\/strong>.<\/p>\n<p>Uosobieniem Alicji jest 92-letnia aktorka. Alicja m\u00f3wi\u0142a: <strong>\u201eTo, w kt\u00f3rym kierunku p\u00f3jdziesz zale\u017cy od tego, jak daleko <\/strong><strong>p\u00f3jdziesz\u201d<\/strong>. A Krafft\u00f3wna, kt\u00f3ra prze\u017cy\u0142a na styku epok w\u0142a\u015bciwie ca\u0142e stulecie &#8211; koszmar drugiej wojny \u015bwiatowej, stalinizm, komunizm, a wreszcie upadek komunizmu i demokracj\u0119, zawsze sz\u0142a daleko, wybieraj\u0105c sw\u00f3j w\u0142asny kierunek. Nigdy nie przesta\u0142a by\u0107 dzieckiem jakby chcia\u0142a zachowa\u0107 w sobie u\u015bmiech wszystkich dzieci z Domu Sierot Janusza Korczaka, kt\u00f3re zosta\u0142y zg\u0142adzone w 1942 roku. By\u0142a m\u0142od\u0105 dziewczyn\u0105, kiedy rok p\u00f3\u017aniej z mam\u0105 wprowadzi\u0142a si\u0119 do kamienicy, z kt\u00f3rej Korczak wyruszy\u0142 z dzie\u0107mi na Umschlagplatz. Zawsze znajdowa\u0142a spos\u00f3b na przetrwanie, mimo, \u017ce jej bliskich, jej rodzin\u0119 spotka\u0142o w \u017cyciu najgorsze. Sama straci\u0142a obu m\u0119\u017c\u00f3w i jedynego syna. Krafft\u00f3wna m\u00f3wi, \u017ce trzeba si\u0119 otuli\u0107, \u017ceby przetrwa\u0107. <strong>\u201eJestem do dyspozycji, p\u00f3ki \u017cyj\u0119\u201d<\/strong> \u2013 m\u00f3wi po swoim ostatnim zagranym spektaklu teatralnym przed lockdownem.<\/p>\n\n\t\t<style type=\"text\/css\">\n\t\t\t#gallery-1 {\n\t\t\t\tmargin: auto;\n\t\t\t}\n\t\t\t#gallery-1 .gallery-item {\n\t\t\t\tfloat: left;\n\t\t\t\tmargin-top: 10px;\n\t\t\t\ttext-align: center;\n\t\t\t\twidth: 33%;\n\t\t\t}\n\t\t\t#gallery-1 img {\n\t\t\t\tborder: 2px solid #cfcfcf;\n\t\t\t}\n\t\t\t#gallery-1 .gallery-caption {\n\t\t\t\tmargin-left: 0;\n\t\t\t}\n\t\t\t\/* see gallery_shortcode() in wp-includes\/media.php *\/\n\t\t<\/style>\n\t\t<div id='gallery-1' class='gallery galleryid-13885 gallery-columns-3 gallery-size-thumbnail'><dl class='gallery-item'>\n\t\t\t<dt class='gallery-icon portrait'>\n\t\t\t\t<a href='https:\/\/shalom.org.pl\/en\/pokaz-przedpremierowy-po-raz-pierwszy-w-warszawie-filmu-krafftowna-w-krainie-czarow-oraz-spotkanie-z-barbara-krafftowna-i-tworcami-filmu\/hkom8525\/'><img fetchpriority=\"high\" decoding=\"async\" width=\"300\" height=\"300\" src=\"https:\/\/shalom.org.pl\/wp-content\/uploads\/2021\/07\/HKOM8525-300x300.jpg\" class=\"attachment-thumbnail size-thumbnail\" alt=\"\" \/><\/a>\n\t\t\t<\/dt><\/dl><dl class='gallery-item'>\n\t\t\t<dt class='gallery-icon portrait'>\n\t\t\t\t<a href='https:\/\/shalom.org.pl\/en\/pokaz-przedpremierowy-po-raz-pierwszy-w-warszawie-filmu-krafftowna-w-krainie-czarow-oraz-spotkanie-z-barbara-krafftowna-i-tworcami-filmu\/hkom8320\/'><img decoding=\"async\" width=\"300\" height=\"300\" src=\"https:\/\/shalom.org.pl\/wp-content\/uploads\/2021\/07\/HKOM8320-300x300.jpg\" class=\"attachment-thumbnail size-thumbnail\" alt=\"\" \/><\/a>\n\t\t\t<\/dt><\/dl><dl class='gallery-item'>\n\t\t\t<dt class='gallery-icon landscape'>\n\t\t\t\t<a href='https:\/\/shalom.org.pl\/en\/pokaz-przedpremierowy-po-raz-pierwszy-w-warszawie-filmu-krafftowna-w-krainie-czarow-oraz-spotkanie-z-barbara-krafftowna-i-tworcami-filmu\/hkom8243\/'><img decoding=\"async\" width=\"300\" height=\"300\" src=\"https:\/\/shalom.org.pl\/wp-content\/uploads\/2021\/07\/HKOM8243-300x300.jpg\" class=\"attachment-thumbnail size-thumbnail\" alt=\"\" \/><\/a>\n\t\t\t<\/dt><\/dl><br style=\"clear: both\" \/><dl class='gallery-item'>\n\t\t\t<dt class='gallery-icon landscape'>\n\t\t\t\t<a href='https:\/\/shalom.org.pl\/en\/pokaz-przedpremierowy-po-raz-pierwszy-w-warszawie-filmu-krafftowna-w-krainie-czarow-oraz-spotkanie-z-barbara-krafftowna-i-tworcami-filmu\/kohu8562\/'><img loading=\"lazy\" decoding=\"async\" width=\"300\" height=\"300\" src=\"https:\/\/shalom.org.pl\/wp-content\/uploads\/2021\/07\/KOHU8562-300x300.jpg\" class=\"attachment-thumbnail size-thumbnail\" alt=\"\" \/><\/a>\n\t\t\t<\/dt><\/dl><dl class='gallery-item'>\n\t\t\t<dt class='gallery-icon portrait'>\n\t\t\t\t<a href='https:\/\/shalom.org.pl\/en\/pokaz-przedpremierowy-po-raz-pierwszy-w-warszawie-filmu-krafftowna-w-krainie-czarow-oraz-spotkanie-z-barbara-krafftowna-i-tworcami-filmu\/hkom8182\/'><img loading=\"lazy\" decoding=\"async\" width=\"300\" height=\"300\" src=\"https:\/\/shalom.org.pl\/wp-content\/uploads\/2021\/07\/HKOM8182-300x300.jpg\" class=\"attachment-thumbnail size-thumbnail\" alt=\"\" \/><\/a>\n\t\t\t<\/dt><\/dl><dl class='gallery-item'>\n\t\t\t<dt class='gallery-icon portrait'>\n\t\t\t\t<a href='https:\/\/shalom.org.pl\/en\/pokaz-przedpremierowy-po-raz-pierwszy-w-warszawie-filmu-krafftowna-w-krainie-czarow-oraz-spotkanie-z-barbara-krafftowna-i-tworcami-filmu\/kohu8472\/'><img loading=\"lazy\" decoding=\"async\" width=\"300\" height=\"300\" src=\"https:\/\/shalom.org.pl\/wp-content\/uploads\/2021\/07\/KOHU8472-300x300.jpg\" class=\"attachment-thumbnail size-thumbnail\" alt=\"\" \/><\/a>\n\t\t\t<\/dt><\/dl><br style=\"clear: both\" \/>\n\t\t<\/div>\n\n<p><span style=\"font-size: 10pt;\">foto Hubert Komerski<\/span><\/p>\n<p>Tw\u00f3rcy filmu stworzyli nie tylko obraz \u017cycia i tw\u00f3rczo\u015bci aktorki, barwny obraz epoki, wykreowali filmowy \u015bwiat, kt\u00f3ry wychodzi do widza z uniwersalnym, tak popularnym obecnie przes\u0142aniem s<em>ky is the limit<\/em>. Krafft\u00f3wna zawsze wiedzia\u0142, \u017ce musi walczy\u0107 o swoje. Pracowa\u0142a z najlepszymi, r\u00f3wnie\u017c w Stanach Zjednoczonych, gdzie w inscenizacji nauczyciela gwiazd Hollywood, Leonidasa Dudarewa Ossety\u0144skiego, zagra\u0142a w &#8220;Matce&#8221; Witkacego, karykaturze ustroj\u00f3w spo\u0142ecznych i politycznych.<br \/>\nSam Ossety\u0144ski, bliski wsp\u00f3\u0142pracownik Michai\u0142a Chekhova, guru dla Marilyn Monroe, Gregory Pecka i Gary Coopera powiedzia\u0142 o Krafft\u00f3wnie, \u017ce <strong>\u201e\u2026potrafi deformowa\u0107 realizm\u201d<\/strong>.<\/p>\n<p>W 2008 roku zagra\u0142a star\u0105 Alicj\u0119 w przedstawieniu warszawskiego Teatru Dramatycznego, co sta\u0142o si\u0119 inspiracj\u0105 do powstania ksi\u0105\u017cki o niej, a w konsekwencji r\u00f3wnie\u017c kinowego dokumentu.<\/p>\n<hr>\n<p><span style=\"font-size: 10pt;\"><strong>Kino Iluzjon, ul. Narbutta 50a, sala Stolica<\/strong><\/span><\/p>\n<p><span style=\"font-size: 10pt;\">Impreza biletowana \u2013 bilety w cenie 25\/17 PLN do nabycia w kasie kina<\/span><\/p>\n<p>&nbsp;<\/p>\n","protected":false},"excerpt":{"rendered":"<p>Pokaz przedpremierowy (po raz pierwszy w Warszawie) filmu \u201eKrafft\u00f3wna w krainie czar\u00f3w\u201d oraz spotkanie z BARBAR\u0104 KRAFFT\u00d3WN\u0104 i tw\u00f3rcami filmu [&hellip;]<\/p>\n","protected":false},"author":5,"featured_media":0,"comment_status":"open","ping_status":"open","sticky":false,"template":"","format":"standard","meta":{"_acf_changed":false,"ngg_post_thumbnail":0,"footnotes":""},"categories":[53],"tags":[402,75],"class_list":["post-13885","post","type-post","status-publish","format-standard","hentry","category-program","tag-pokaz-filmu","tag-spotkanie"],"acf":[],"_links":{"self":[{"href":"https:\/\/shalom.org.pl\/en\/wp-json\/wp\/v2\/posts\/13885","targetHints":{"allow":["GET"]}}],"collection":[{"href":"https:\/\/shalom.org.pl\/en\/wp-json\/wp\/v2\/posts"}],"about":[{"href":"https:\/\/shalom.org.pl\/en\/wp-json\/wp\/v2\/types\/post"}],"author":[{"embeddable":true,"href":"https:\/\/shalom.org.pl\/en\/wp-json\/wp\/v2\/users\/5"}],"replies":[{"embeddable":true,"href":"https:\/\/shalom.org.pl\/en\/wp-json\/wp\/v2\/comments?post=13885"}],"version-history":[{"count":6,"href":"https:\/\/shalom.org.pl\/en\/wp-json\/wp\/v2\/posts\/13885\/revisions"}],"predecessor-version":[{"id":14350,"href":"https:\/\/shalom.org.pl\/en\/wp-json\/wp\/v2\/posts\/13885\/revisions\/14350"}],"wp:attachment":[{"href":"https:\/\/shalom.org.pl\/en\/wp-json\/wp\/v2\/media?parent=13885"}],"wp:term":[{"taxonomy":"category","embeddable":true,"href":"https:\/\/shalom.org.pl\/en\/wp-json\/wp\/v2\/categories?post=13885"},{"taxonomy":"post_tag","embeddable":true,"href":"https:\/\/shalom.org.pl\/en\/wp-json\/wp\/v2\/tags?post=13885"}],"curies":[{"name":"wp","href":"https:\/\/api.w.org\/{rel}","templated":true}]}}