{"id":13868,"date":"2021-07-19T22:42:56","date_gmt":"2021-07-19T20:42:56","guid":{"rendered":"http:\/\/shalom.org.pl\/?p=13868"},"modified":"2021-08-26T13:43:42","modified_gmt":"2021-08-26T11:43:42","slug":"wyklad-andrzeja-szumowskiego-wodka-w-historii-i-tradycjach-spolecznosci-zydowskiej","status":"publish","type":"post","link":"https:\/\/shalom.org.pl\/en\/wyklad-andrzeja-szumowskiego-wodka-w-historii-i-tradycjach-spolecznosci-zydowskiej\/","title":{"rendered":"Wyk\u0142ad Andrzeja Szumowskiego: \u201eW\u00f3dka w historii i tradycjach spo\u0142eczno\u015bci \u017cydowskiej\u201d"},"content":{"rendered":"<h3><strong>Wyk\u0142ad Andrzeja Szumowskiego: \u201eW\u00f3dka w historii i tradycjach spo\u0142eczno\u015bci \u017cydowskiej\u201d<\/strong><\/h3>\n<p>&nbsp;<\/p>\n<hr>\n<p><span style=\"font-size: 10pt;\"><strong>KOT\u0141OWNIA w Muzeum Polskiej W\u00f3dki, Centrum Praskie Koneser \u2013 Plac Konesera 1<\/strong><\/span><\/p>\n<p><span style=\"font-size: 10pt;\">Wst\u0119p wolny, liczba miejsc ograniczona \u2013 maksymalnie 20 os\u00f3b (wed\u0142ug kolejno\u015bci przyj\u015bcia)<\/span><\/p>\n<p><span style=\"font-size: 10pt;\"><em>Wydarzenie towarzysz\u0105ce zorganizowane przez Stowarzyszenie Polska W\u00f3dka \/ Muzeum Polskiej W\u00f3dki<\/em><\/span><\/p>\n","protected":false},"excerpt":{"rendered":"<p>Wyk\u0142ad Andrzeja Szumowskiego: \u201eW\u00f3dka w historii i tradycjach spo\u0142eczno\u015bci \u017cydowskiej\u201d &nbsp; KOT\u0141OWNIA w Muzeum Polskiej W\u00f3dki, Centrum Praskie Koneser \u2013 [&hellip;]<\/p>\n","protected":false},"author":5,"featured_media":0,"comment_status":"open","ping_status":"open","sticky":false,"template":"","format":"standard","meta":{"_acf_changed":false,"ngg_post_thumbnail":0,"footnotes":""},"categories":[53],"tags":[87],"class_list":["post-13868","post","type-post","status-publish","format-standard","hentry","category-program","tag-wyklad"],"acf":[],"_links":{"self":[{"href":"https:\/\/shalom.org.pl\/en\/wp-json\/wp\/v2\/posts\/13868","targetHints":{"allow":["GET"]}}],"collection":[{"href":"https:\/\/shalom.org.pl\/en\/wp-json\/wp\/v2\/posts"}],"about":[{"href":"https:\/\/shalom.org.pl\/en\/wp-json\/wp\/v2\/types\/post"}],"author":[{"embeddable":true,"href":"https:\/\/shalom.org.pl\/en\/wp-json\/wp\/v2\/users\/5"}],"replies":[{"embeddable":true,"href":"https:\/\/shalom.org.pl\/en\/wp-json\/wp\/v2\/comments?post=13868"}],"version-history":[{"count":3,"href":"https:\/\/shalom.org.pl\/en\/wp-json\/wp\/v2\/posts\/13868\/revisions"}],"predecessor-version":[{"id":14626,"href":"https:\/\/shalom.org.pl\/en\/wp-json\/wp\/v2\/posts\/13868\/revisions\/14626"}],"wp:attachment":[{"href":"https:\/\/shalom.org.pl\/en\/wp-json\/wp\/v2\/media?parent=13868"}],"wp:term":[{"taxonomy":"category","embeddable":true,"href":"https:\/\/shalom.org.pl\/en\/wp-json\/wp\/v2\/categories?post=13868"},{"taxonomy":"post_tag","embeddable":true,"href":"https:\/\/shalom.org.pl\/en\/wp-json\/wp\/v2\/tags?post=13868"}],"curies":[{"name":"wp","href":"https:\/\/api.w.org\/{rel}","templated":true}]}}