{"id":13864,"date":"2021-07-19T22:37:28","date_gmt":"2021-07-19T20:37:28","guid":{"rendered":"http:\/\/shalom.org.pl\/?p=13864"},"modified":"2021-07-19T22:37:28","modified_gmt":"2021-07-19T20:37:28","slug":"pokaz-filmu-przystanek-pitstop-gliwice-larissy-baldovin-michala-hochmana-i-anny-koszykowski-oraz-panel-dyskusyjny-z-udzialem-tworcow-filmu-i-mariana-lichtmana","status":"publish","type":"post","link":"https:\/\/shalom.org.pl\/en\/pokaz-filmu-przystanek-pitstop-gliwice-larissy-baldovin-michala-hochmana-i-anny-koszykowski-oraz-panel-dyskusyjny-z-udzialem-tworcow-filmu-i-mariana-lichtmana\/","title":{"rendered":"Pokaz filmu: \u201ePrzystanek\/Pitstop Gliwice\u201d Larissy Baldovin, Micha\u0142a Hochmana i Anny Koszykowski oraz panel dyskusyjny z udzia\u0142em tw\u00f3rc\u00f3w filmu i Mariana Lichtmana"},"content":{"rendered":"<h3><strong>Pokaz filmu: \u201ePrzystanek\/Pitstop Gliwice\u201d Larissy Baldovin, Micha\u0142a Hochmana <\/strong>i <strong>Anny Koszykowski oraz panel dyskusyjny z udzia\u0142em tw\u00f3rc\u00f3w filmu i Mariana Lichtmana<\/strong><\/h3>\n<p>Film dokumentalny z napisami w j\u0119z. polskim (USA 2021, 30 min)<\/p>\n<p>Produkcja:<strong> Larissa Baldovin<\/strong>,<strong> Micha\u0142 Hochman<\/strong>, muzyka: <strong>Adam Abramek<\/strong>, autorzy piosenek: <strong>Tadeusz Wo\u017aniak<\/strong>, <strong>Andrzej Sikorowski<\/strong>, <strong>Wojciech M\u0142ynarski<\/strong>, wykonanie: <strong>Micha\u0142 Hochman<\/strong><\/p>\n<p>Wspomnienia bohater\u00f3w czytaj\u0105: <strong>Dorota Stali\u0144ska<\/strong>, <strong>Olga Bo\u0144czyk<\/strong>, <strong>Piotr Zelt<\/strong>, <strong>Eugene Malinowski<\/strong><\/p>\n<p>Prowadzenie:<strong> Remigiusz Grzela<\/strong><\/p>\n<p>Film oparty na ksi\u0105\u017cce \u201cPrzystanek\/Pitstop Gliwice\u201d autorstwa Larissy Baldovin i Ani Koszykowski opowiada o rodzinnych losach repatriant\u00f3w \u017cydowskich z ZSRR w latach powojennych, kt\u00f3rzy osiedlili si\u0119 w Gliwicach.<\/p>\n<p>Historyczny dokument jest wizualizowany za pomoc\u0105 archiwalnych fotografii i wyra\u017cany przez seri\u0119 wywiad\u00f3w z lud\u017ami opowiadaj\u0105cymi swoje osobiste historie rodzinne &#8211; ka\u017cda historia rodzinna przeplata si\u0119 w miar\u0119 up\u0142ywu czasu. Repatrianci przyjechali do Polski z nadziej\u0105 na osiedlenie si\u0119, ale wydarzenia, kt\u00f3re tam mia\u0142y miejsce, sprawi\u0142y, \u017ce Gliwice by\u0142y stosunkowo kr\u00f3tkim przystankiem przed dalsz\u0105 emigracj\u0105.<\/p>\n<p>Historia przemieszczania si\u0119 populacji \u017cydowskiej w Polsce od wybuchu II Wojny \u015awiatowej do 1968 roku jest przedstawiona przez ameryka\u0144skiego aktora Stacy Keacha.<\/p>\n<hr>\n<p><span style=\"font-size: 10pt;\"><strong>Kino Iluzjon, ul. Narbutta 50a, sala Stolica<\/strong><\/span><\/p>\n<p><span style=\"font-size: 10pt;\">Obowi\u0105zuj\u0105 bezp\u0142atne wej\u015bci\u00f3wki \u2013 do odbioru w kasie (przed seansem, bez mo\u017cliwo\u015bci rezerwacji), liczba miejsc ograniczona<\/span><\/p>\n<p>&nbsp;<\/p>\n","protected":false},"excerpt":{"rendered":"<p>Pokaz filmu: \u201ePrzystanek\/Pitstop Gliwice\u201d Larissy Baldovin, Micha\u0142a Hochmana i Anny Koszykowski oraz panel dyskusyjny z udzia\u0142em tw\u00f3rc\u00f3w filmu i Mariana [&hellip;]<\/p>\n","protected":false},"author":5,"featured_media":0,"comment_status":"open","ping_status":"open","sticky":false,"template":"","format":"standard","meta":{"_acf_changed":false,"ngg_post_thumbnail":0,"footnotes":""},"categories":[53],"tags":[402],"class_list":["post-13864","post","type-post","status-publish","format-standard","hentry","category-program","tag-pokaz-filmu"],"acf":[],"_links":{"self":[{"href":"https:\/\/shalom.org.pl\/en\/wp-json\/wp\/v2\/posts\/13864","targetHints":{"allow":["GET"]}}],"collection":[{"href":"https:\/\/shalom.org.pl\/en\/wp-json\/wp\/v2\/posts"}],"about":[{"href":"https:\/\/shalom.org.pl\/en\/wp-json\/wp\/v2\/types\/post"}],"author":[{"embeddable":true,"href":"https:\/\/shalom.org.pl\/en\/wp-json\/wp\/v2\/users\/5"}],"replies":[{"embeddable":true,"href":"https:\/\/shalom.org.pl\/en\/wp-json\/wp\/v2\/comments?post=13864"}],"version-history":[{"count":1,"href":"https:\/\/shalom.org.pl\/en\/wp-json\/wp\/v2\/posts\/13864\/revisions"}],"predecessor-version":[{"id":13865,"href":"https:\/\/shalom.org.pl\/en\/wp-json\/wp\/v2\/posts\/13864\/revisions\/13865"}],"wp:attachment":[{"href":"https:\/\/shalom.org.pl\/en\/wp-json\/wp\/v2\/media?parent=13864"}],"wp:term":[{"taxonomy":"category","embeddable":true,"href":"https:\/\/shalom.org.pl\/en\/wp-json\/wp\/v2\/categories?post=13864"},{"taxonomy":"post_tag","embeddable":true,"href":"https:\/\/shalom.org.pl\/en\/wp-json\/wp\/v2\/tags?post=13864"}],"curies":[{"name":"wp","href":"https:\/\/api.w.org\/{rel}","templated":true}]}}