{"id":13812,"date":"2021-07-18T00:42:01","date_gmt":"2021-07-17T22:42:01","guid":{"rendered":"http:\/\/shalom.org.pl\/?p=13812"},"modified":"2021-07-19T21:17:52","modified_gmt":"2021-07-19T19:17:52","slug":"miedzynarodowa-wystawa-hommage-a-isaac-basheviss-singer-artystow-z-akademii-sztuk-pieknych-w-warszawie-i-bratyslawie","status":"publish","type":"post","link":"https:\/\/shalom.org.pl\/en\/miedzynarodowa-wystawa-hommage-a-isaac-basheviss-singer-artystow-z-akademii-sztuk-pieknych-w-warszawie-i-bratyslawie\/","title":{"rendered":"Mi\u0119dzynarodowa wystawa \u201eHommage \u00e0 Isaac Basheviss Singer\u201d artyst\u00f3w z Akademii Sztuk Pi\u0119knych w Warszawie i Bratys\u0142awie"},"content":{"rendered":"<h3><strong>Mi\u0119dzynarodowa wystawa \u201eHommage \u00e0 Isaac Basheviss Singer\u201d artyst\u00f3w z Akademii Sztuk Pi\u0119knych w Warszawie i Bratys\u0142awie<\/strong><\/h3>\n<p>Nowa ods\u0142ona wystawy \u201eHommage \u00e0 Isaac Basheviss Singer\u201d, przygotowanej specjalnie 17. edycj\u0119 Festiwalu Warszawa Singera<\/p>\n<hr>\n<p><span style=\"font-size: 10pt;\"><strong>Medium Gallery, Hviezdoslavovo n\u00e1m. 18, 814-37 Bratys\u0142awa<\/strong><\/span><\/p>\n<p><span style=\"font-size: 10pt;\">Wystawa czynna w terminie od 14 pa\u017adziernika do 4 listopada 2021<\/span><\/p>\n<p><span style=\"font-size: 10pt;\">Uwaga: podana godzina wernisa\u017cu wystawy nie jest jeszcze potwierdzona<\/span><\/p>\n<hr>\n<p><span style=\"font-size: 10pt;\"><em>Impreza towarzysz\u0105ca <\/em><em>zorganizowana przez Akademi\u0119 Sztuk Pi\u0119knych w Warszawie oraz Akademi\u0119 Sztuk Pi\u0119knych w Bratys\u0142awie<\/em><\/span><\/p>\n","protected":false},"excerpt":{"rendered":"<p>Mi\u0119dzynarodowa wystawa \u201eHommage \u00e0 Isaac Basheviss Singer\u201d artyst\u00f3w z Akademii Sztuk Pi\u0119knych w Warszawie i Bratys\u0142awie Nowa ods\u0142ona wystawy \u201eHommage [&hellip;]<\/p>\n","protected":false},"author":5,"featured_media":0,"comment_status":"open","ping_status":"open","sticky":false,"template":"","format":"standard","meta":{"_acf_changed":false,"ngg_post_thumbnail":0,"footnotes":""},"categories":[53],"tags":[85],"class_list":["post-13812","post","type-post","status-publish","format-standard","hentry","category-program","tag-wystawa"],"acf":[],"_links":{"self":[{"href":"https:\/\/shalom.org.pl\/en\/wp-json\/wp\/v2\/posts\/13812","targetHints":{"allow":["GET"]}}],"collection":[{"href":"https:\/\/shalom.org.pl\/en\/wp-json\/wp\/v2\/posts"}],"about":[{"href":"https:\/\/shalom.org.pl\/en\/wp-json\/wp\/v2\/types\/post"}],"author":[{"embeddable":true,"href":"https:\/\/shalom.org.pl\/en\/wp-json\/wp\/v2\/users\/5"}],"replies":[{"embeddable":true,"href":"https:\/\/shalom.org.pl\/en\/wp-json\/wp\/v2\/comments?post=13812"}],"version-history":[{"count":2,"href":"https:\/\/shalom.org.pl\/en\/wp-json\/wp\/v2\/posts\/13812\/revisions"}],"predecessor-version":[{"id":13839,"href":"https:\/\/shalom.org.pl\/en\/wp-json\/wp\/v2\/posts\/13812\/revisions\/13839"}],"wp:attachment":[{"href":"https:\/\/shalom.org.pl\/en\/wp-json\/wp\/v2\/media?parent=13812"}],"wp:term":[{"taxonomy":"category","embeddable":true,"href":"https:\/\/shalom.org.pl\/en\/wp-json\/wp\/v2\/categories?post=13812"},{"taxonomy":"post_tag","embeddable":true,"href":"https:\/\/shalom.org.pl\/en\/wp-json\/wp\/v2\/tags?post=13812"}],"curies":[{"name":"wp","href":"https:\/\/api.w.org\/{rel}","templated":true}]}}