{"id":13707,"date":"2021-07-15T17:38:53","date_gmt":"2021-07-15T15:38:53","guid":{"rendered":"http:\/\/shalom.org.pl\/?p=13707"},"modified":"2021-07-15T17:38:53","modified_gmt":"2021-07-15T15:38:53","slug":"koncert-atanasa-valkova-muzyka-z-serialu-krol-w-rez-jana-p-matuszynskiego-superprodukcji-canal","status":"publish","type":"post","link":"https:\/\/shalom.org.pl\/en\/koncert-atanasa-valkova-muzyka-z-serialu-krol-w-rez-jana-p-matuszynskiego-superprodukcji-canal\/","title":{"rendered":"Koncert ATANASA VALKOVA \u2013 MUZYKA Z SERIALU \u201eKR\u00d3L\u201d w re\u017c. Jana P. Matuszy\u0144skiego, superprodukcji CANAL+"},"content":{"rendered":"<h3><strong>Koncert <\/strong><strong>ATANASA VALKOVA \u2013 MUZYKA Z SERIALU \u201eKR\u00d3L\u201d w re\u017c. Jana P. Matuszy\u0144skiego, superprodukcji CANAL+<\/strong><\/h3>\n<p>Wyst\u0105pi\u0105: <strong>Atanas Valkov <\/strong>(fortepian, cytra, flet tenorowy, instrumenty elektroniczne),<strong> Oliwier Andruszczenko <\/strong>(klarnet solowy, klarnet basowy, duduk),<strong> Pawe\u0142 Zalewski <\/strong>(viola da Gamba, gitara elektryczna),<strong> Ksawery W\u00f3jci\u0144ski <\/strong>(kontrabas),<strong> Krzysztof Gradziuk <\/strong>(perkusja)<\/p>\n<p><img fetchpriority=\"high\" decoding=\"async\" class=\"alignnone size-medium wp-image-13709\" src=\"http:\/\/shalom.org.pl\/wp-content\/uploads\/2021\/07\/kr\u00f3l-300x300.jpg\" alt=\"\" width=\"300\" height=\"300\" srcset=\"https:\/\/shalom.org.pl\/wp-content\/uploads\/2021\/07\/kr\u00f3l-300x300.jpg 300w, https:\/\/shalom.org.pl\/wp-content\/uploads\/2021\/07\/kr\u00f3l-255x255.jpg 255w, https:\/\/shalom.org.pl\/wp-content\/uploads\/2021\/07\/kr\u00f3l-350x350.jpg 350w, https:\/\/shalom.org.pl\/wp-content\/uploads\/2021\/07\/kr\u00f3l.jpg 697w\" sizes=\"(max-width: 300px) 100vw, 300px\" \/><\/p>\n<p>\u015acie\u017cka d\u017awi\u0119kowa do serialu \u201eKr\u00f3l\u201d to synergia \u017cydowskich oraz s\u0142owia\u0144skich brzmie\u0144 w po\u0142\u0105czeniu z elementami sonorystycznymi muzyki wsp\u00f3\u0142czesnej oraz minimalizmem muzyki ilustracyjnej. Opr\u00f3cz klasycznych instrument\u00f3w Atanas Valkov si\u0119ga do nowoczesnej elektroniki, brzmie\u0144 ambientowych oraz technik manipulowania d\u017awi\u0119ku tzw. sound design&#8217; u.&nbsp;Wi\u0119kszo\u015b\u0107 klasycznych i etnicznych instrument\u00f3w, takich jak fortepian, cytra, etniczne flety, duduk, cymba\u0142y oraz instrumenty perkusyjne i klawiszowe zosta\u0142y nagrane osobi\u015bcie przez kompozytora, kt\u00f3ry cz\u0119sto wykorzystuje eksperymentalne techniki wydobycia d\u017awi\u0119ku oraz nowego stroju instrument\u00f3w.<\/p>\n<table style=\"border-collapse: collapse; width: 100%;\">\n<tbody>\n<tr>\n<td style=\"width: 30.7273%;\">\n<p><div id=\"attachment_13708\" style=\"width: 235px\" class=\"wp-caption alignnone\"><img decoding=\"async\" aria-describedby=\"caption-attachment-13708\" class=\"wp-image-13708 size-medium\" src=\"http:\/\/shalom.org.pl\/wp-content\/uploads\/2021\/07\/valkov-225x300.jpg\" alt=\"\" width=\"225\" height=\"300\" srcset=\"https:\/\/shalom.org.pl\/wp-content\/uploads\/2021\/07\/valkov-225x300.jpg 225w, https:\/\/shalom.org.pl\/wp-content\/uploads\/2021\/07\/valkov-191x255.jpg 191w, https:\/\/shalom.org.pl\/wp-content\/uploads\/2021\/07\/valkov-350x466.jpg 350w, https:\/\/shalom.org.pl\/wp-content\/uploads\/2021\/07\/valkov.jpg 422w\" sizes=\"(max-width: 225px) 100vw, 225px\" \/><p id=\"caption-attachment-13708\" class=\"wp-caption-text\">Fot. Pawe\u0142 Bajew<\/p><\/div><\/td>\n<td style=\"width: 69.2727%;\"><span style=\"font-size: 10pt;\"><strong>Atanas Valkov<\/strong> to Polski kompozytor pochodzenia bu\u0142garskiego, pianista, perkusista. Stworzy\u0142 muzyk\u0119 do film\u00f3w&nbsp; i seriali m.in&nbsp; Canal+ \u201eKr\u00f3l\u201d, \u201eOstatnia rodzina\u201d i HBO \u201eDeep Love\u201d Jana P. Matuszy\u0144skiego, \u201eBelfer\u201d i \u201ePu\u0142apka\u201d w re\u017c. \u0141ukasza Palkowskiego, a tak\u017ce \u201eBODO\u201d&nbsp; w re\u017c. Micha\u0142a Kwieci\u0144skiego. Skomponowa\u0142 i wyprodukowa\u0142 muzyk\u0119 orkiestrow\u0105 oraz ch\u00f3raln\u0105 do znanej gry komputerowej VAMPIRE: THE MASQUERADE. Skomponowa\u0142 muzyk\u0119 do \u201eLegend Polskich\u201d Allegro \u2013 cyklu film\u00f3w kr\u00f3tkometra\u017cowych w re\u017cyserii Tomasza Bagi\u0144skiego, kt\u00f3ra \u0142\u0105czy motywy etnicznych legend z nowoczesnym j\u0119zykiem filmowym w konwencji science-fiction i fantasy. Bra\u0142 udzia\u0142 w produkcji Andrzeja Wajdy \u201eZwi\u0119z\u0142a kronika czasu\u201d, \u201eAmbicji\u201d oraz \u201eCzarna Polana\u201d T. Bagi\u0144skiego. <\/span><span style=\"font-size: 10pt;\">We wsp\u00f3\u0142pracy z Europejsk\u0105 Agencj\u0105 Kosmiczn\u0105 (ESA) stworzy\u0142 album \u201eAmbition\u201d, upami\u0119tniaj\u0105cy historyczn\u0105 misj\u0119 Rosetta oraz l\u0105dowanie na komecie 67P\/Churyumov-Gerasimenko. Tw\u00f3rca projektu \u201eTransoriental\u201d oraz producent i kompozytor platynowego albumu Kayah \u201eTransoriental Orchestra\u201d.<\/span><\/p>\n<p><span style=\"font-size: 10pt;\">Valkov w oryginalny spos\u00f3b czerpie z r\u00f3\u017cnych \u017ar\u00f3de\u0142: muzyki etnicznej i elektronicznej, wsp\u00f3\u0142czesnej oraz jazzu. Odwa\u017cnie \u0142\u0105czy nowe technologie kreowania d\u017awi\u0119ku, swobodnie poruszaj\u0105c si\u0119 w wielu gatunkach muzycznych z zachowaniem w\u0142asnej inwencji i wypowiedzi tw\u00f3rczej. Jego muzyka to zderzenie muzycznych \u015bwiat\u00f3w na miar\u0119 XXI wieku, kt\u00f3ra doceniona zosta\u0142a w Polsce oraz na \u015bwiecie. <\/span><\/p>\n<p><span style=\"font-size: 10pt;\">Nominowany do Fryderyka 2020 oraz nagrody FMF \u2018\u2019Polska \u015acie\u017cka filmowa roku 2020\u2019\u2019 za muzyk\u0119 do serialu &#8221;Kr\u00f3l&#8221;.<\/span><\/td>\n<\/tr>\n<\/tbody>\n<\/table>\n<p>&nbsp;<\/p>\n<hr>\n<p><span style=\"font-size: 10pt;\"><strong>Teatr Kwadrat, ul. Marsza\u0142kowska 138<\/strong><\/span><\/p>\n<p><span style=\"font-size: 10pt;\">Bilety: 80\/60 PLN \u2013 do nabycia na: www.ebilet.pl, www.teatr-zydowski.art.pl, w Biurze Organizacji Widowni tel. 22 526 20 34; 22 850 64 50 lub 51 oraz w kasach Teatru \u017bydowskiego, ul. Senatorska 35, tel. 22 850 64 35 lub w Klubie Dow\u00f3dztwa Garnizonu Warszawa, al. Niepodleg\u0142o\u015bci 141a, tel. 22 850 56 56 (szczeg\u00f3\u0142owe informacje na stronie <a href=\"http:\/\/www.shalom.org.pl\">www.shalom.org.pl<\/a>)<\/span><\/p>\n<p><span style=\"font-size: 10pt;\">Wydarzenie tak\u017ce transmitowane on-line \u2013 szczeg\u00f3\u0142y na: www.festiwalsingera.pl<\/span><\/p>\n<p>&nbsp;<\/p>\n","protected":false},"excerpt":{"rendered":"<p>Koncert ATANASA VALKOVA \u2013 MUZYKA Z SERIALU \u201eKR\u00d3L\u201d w re\u017c. Jana P. Matuszy\u0144skiego, superprodukcji CANAL+ Wyst\u0105pi\u0105: Atanas Valkov (fortepian, cytra, [&hellip;]<\/p>\n","protected":false},"author":5,"featured_media":0,"comment_status":"open","ping_status":"open","sticky":false,"template":"","format":"standard","meta":{"_acf_changed":false,"ngg_post_thumbnail":0,"footnotes":""},"categories":[53],"tags":[71],"class_list":["post-13707","post","type-post","status-publish","format-standard","hentry","category-program","tag-koncert"],"acf":[],"_links":{"self":[{"href":"https:\/\/shalom.org.pl\/en\/wp-json\/wp\/v2\/posts\/13707","targetHints":{"allow":["GET"]}}],"collection":[{"href":"https:\/\/shalom.org.pl\/en\/wp-json\/wp\/v2\/posts"}],"about":[{"href":"https:\/\/shalom.org.pl\/en\/wp-json\/wp\/v2\/types\/post"}],"author":[{"embeddable":true,"href":"https:\/\/shalom.org.pl\/en\/wp-json\/wp\/v2\/users\/5"}],"replies":[{"embeddable":true,"href":"https:\/\/shalom.org.pl\/en\/wp-json\/wp\/v2\/comments?post=13707"}],"version-history":[{"count":1,"href":"https:\/\/shalom.org.pl\/en\/wp-json\/wp\/v2\/posts\/13707\/revisions"}],"predecessor-version":[{"id":13710,"href":"https:\/\/shalom.org.pl\/en\/wp-json\/wp\/v2\/posts\/13707\/revisions\/13710"}],"wp:attachment":[{"href":"https:\/\/shalom.org.pl\/en\/wp-json\/wp\/v2\/media?parent=13707"}],"wp:term":[{"taxonomy":"category","embeddable":true,"href":"https:\/\/shalom.org.pl\/en\/wp-json\/wp\/v2\/categories?post=13707"},{"taxonomy":"post_tag","embeddable":true,"href":"https:\/\/shalom.org.pl\/en\/wp-json\/wp\/v2\/tags?post=13707"}],"curies":[{"name":"wp","href":"https:\/\/api.w.org\/{rel}","templated":true}]}}