{"id":13692,"date":"2021-07-15T13:55:11","date_gmt":"2021-07-15T11:55:11","guid":{"rendered":"http:\/\/shalom.org.pl\/?p=13692"},"modified":"2021-08-25T09:06:27","modified_gmt":"2021-08-25T07:06:27","slug":"pokaz-filmu-jeszcze-tylko-ten-las-oraz-debata-holokaust-w-polskim-kinie-wspolczesnym-z-udzialem-mateusza-wernera-piotra-pazinskiego-hanny-wegrzynek-mikolaja-mi","status":"publish","type":"post","link":"https:\/\/shalom.org.pl\/en\/pokaz-filmu-jeszcze-tylko-ten-las-oraz-debata-holokaust-w-polskim-kinie-wspolczesnym-z-udzialem-mateusza-wernera-piotra-pazinskiego-hanny-wegrzynek-mikolaja-mi\/","title":{"rendered":"Pokaz filmu: \u201eJeszcze tylko ten las\u201d oraz debata \u201eHolokaust w polskim kinie wsp\u00f3\u0142czesnym\u201d z udzia\u0142em: Mateusza Wernera, Katarzyny M\u0105ki-Malaty\u0144skiej, Hanny W\u0119grzynek, Miko\u0142aja Mirowskiego"},"content":{"rendered":"<h3><strong>Pokaz filmu: \u201eJeszcze tylko ten las\u201d <\/strong>oraz<strong> debata \u201eHolokaust w polskim kinie wsp\u00f3\u0142czesnym\u201d <\/strong>z udzia\u0142em: <strong>Mateusza Wernera, Katarzyny M\u0105ki-Malaty\u0144skiej, Hanny W\u0119grzynek,<\/strong> <strong>Miko\u0142aja Mirowskiego<\/strong><\/h3>\n<div>\n<p>&nbsp;<\/p>\n<p><strong>\u201eJeszcze tylko ten las\u201d <\/strong>(Polska 1991, 86 min)<\/p>\n<p>Re\u017cyseria: <strong>Jan \u0141omnicki<\/strong>, scenariusz:<strong> Anna Stro\u0144ska<\/strong>, zdj\u0119cia:<strong> Artur Rad\u017ako<\/strong>, muzyka: <strong>Piotr Hertel<\/strong><\/p>\n<p>Obsada:<strong> Ryszarda Hanin<\/strong>,<strong> Joanna Friedman<\/strong>, <strong>Marzena Tryba\u0142a<\/strong>, <strong>Marta Klubowicz i inni<\/strong><\/p>\n<\/div>\n<p>&nbsp;<\/p>\n<p>Na transmisj\u0119 debaty na \u017cywo zapraszamy do serwisu&nbsp;<a href=\"https:\/\/ninateka.pl\/\" rel=\"noopener noreferrer\" data-saferedirecturl=\"https:\/\/zasobygwp.pl\/redirect?sig=1700b0e83ec43139940f3b7614e59b242e598a01c398b53d97c5202cda31d043&amp;url=aHR0cHM6Ly9uaW5hdGVrYS5wbC8=&amp;platform=desktop&amp;brand=o2\">ninateka.pl&nbsp;<\/a>o godzinie 20:30<\/p>\n<hr>\n<p><span style=\"font-size: 10pt;\"><strong>Filmoteka Narodowa \u2013 Instytut Audiowizualny, ul. Wa\u0142brzyska 3\/5<\/strong><\/span><\/p>\n<p><span style=\"font-size: 10pt;\">Wst\u0119p wolny, obowi\u0105zuj\u0105 zapisy przez&nbsp;<a href=\"https:\/\/fina.gov.pl\/event\/pokaz-filmu-jeszcze-tylko-ten-las-oraz-debata-holokaust-w-polskim-kinie-wspolczesnym-warszawa-singera\/\" rel=\"noopener noreferrer\" data-saferedirecturl=\"https:\/\/zasobygwp.pl\/redirect?sig=ab48fef78ee487aaae247356529311fb20c6fc3fe06587dc37594ff65e8f1440&amp;url=aHR0cHM6Ly9maW5hLmdvdi5wbC9ldmVudC9wb2thei1maWxtdS1qZXN6Y3plLXR5bGtvLXRlbi1sYXMtb3Jhei1kZWJhdGEtaG9sb2thdXN0LXctcG9sc2tpbS1raW5pZS13c3BvbGN6ZXNueW0td2Fyc3phd2Etc2luZ2VyYS8=&amp;platform=desktop&amp;brand=o2\">formularz<\/a><\/span><\/p>\n<hr>\n<p><span style=\"font-size: 10pt;\"><em>Wydarzenie towarzysz\u0105ce zorganizowane przez Filmotek\u0119 Narodow\u0105 \u2013 Instytut Audiowizualny<\/em><\/span><\/p>\n","protected":false},"excerpt":{"rendered":"<p>Pokaz filmu: \u201eJeszcze tylko ten las\u201d oraz debata \u201eHolokaust w polskim kinie wsp\u00f3\u0142czesnym\u201d z udzia\u0142em: Mateusza Wernera, Katarzyny M\u0105ki-Malaty\u0144skiej, Hanny [&hellip;]<\/p>\n","protected":false},"author":5,"featured_media":0,"comment_status":"open","ping_status":"open","sticky":false,"template":"","format":"standard","meta":{"_acf_changed":false,"ngg_post_thumbnail":0,"footnotes":""},"categories":[53],"tags":[402],"class_list":["post-13692","post","type-post","status-publish","format-standard","hentry","category-program","tag-pokaz-filmu"],"acf":[],"_links":{"self":[{"href":"https:\/\/shalom.org.pl\/en\/wp-json\/wp\/v2\/posts\/13692","targetHints":{"allow":["GET"]}}],"collection":[{"href":"https:\/\/shalom.org.pl\/en\/wp-json\/wp\/v2\/posts"}],"about":[{"href":"https:\/\/shalom.org.pl\/en\/wp-json\/wp\/v2\/types\/post"}],"author":[{"embeddable":true,"href":"https:\/\/shalom.org.pl\/en\/wp-json\/wp\/v2\/users\/5"}],"replies":[{"embeddable":true,"href":"https:\/\/shalom.org.pl\/en\/wp-json\/wp\/v2\/comments?post=13692"}],"version-history":[{"count":4,"href":"https:\/\/shalom.org.pl\/en\/wp-json\/wp\/v2\/posts\/13692\/revisions"}],"predecessor-version":[{"id":14589,"href":"https:\/\/shalom.org.pl\/en\/wp-json\/wp\/v2\/posts\/13692\/revisions\/14589"}],"wp:attachment":[{"href":"https:\/\/shalom.org.pl\/en\/wp-json\/wp\/v2\/media?parent=13692"}],"wp:term":[{"taxonomy":"category","embeddable":true,"href":"https:\/\/shalom.org.pl\/en\/wp-json\/wp\/v2\/categories?post=13692"},{"taxonomy":"post_tag","embeddable":true,"href":"https:\/\/shalom.org.pl\/en\/wp-json\/wp\/v2\/tags?post=13692"}],"curies":[{"name":"wp","href":"https:\/\/api.w.org\/{rel}","templated":true}]}}