{"id":13673,"date":"2021-07-15T08:27:49","date_gmt":"2021-07-15T06:27:49","guid":{"rendered":"http:\/\/shalom.org.pl\/?p=13673"},"modified":"2021-08-19T00:01:52","modified_gmt":"2021-08-18T22:01:52","slug":"singer-jazz-festival-spotkanie-z-cyklu-opowiedz-mi-swoja-historie-z-mikolajem-trzaska","status":"publish","type":"post","link":"https:\/\/shalom.org.pl\/en\/singer-jazz-festival-spotkanie-z-cyklu-opowiedz-mi-swoja-historie-z-mikolajem-trzaska\/","title":{"rendered":"Spotkanie z cyklu \u201eOpowiedz mi swoj\u0105 histori\u0119\u201d z Miko\u0142ajem Trzask\u0105"},"content":{"rendered":"<h3>Spotkanie z cyklu \u201eOpowiedz mi swoj\u0105 histori\u0119\u201d z Miko\u0142ajem Trzask\u0105<\/h3>\n<p>Prowadzenie:&nbsp;<strong>Katarzyna Montgomery<\/strong>&nbsp;<\/p>\n<table style=\"border-collapse: collapse; width: 100%;\">\n<tbody>\n<tr>\n<td style=\"width: 31.697%;\"><img fetchpriority=\"high\" decoding=\"async\" class=\"alignnone wp-image-13677\" src=\"http:\/\/shalom.org.pl\/wp-content\/uploads\/2021\/07\/Miko\u0142aj.Trzaska-1-202x300.png\" alt=\"\" width=\"225\" height=\"335\" srcset=\"https:\/\/shalom.org.pl\/wp-content\/uploads\/2021\/07\/Miko\u0142aj.Trzaska-1-202x300.png 202w, https:\/\/shalom.org.pl\/wp-content\/uploads\/2021\/07\/Miko\u0142aj.Trzaska-1-171x255.png 171w, https:\/\/shalom.org.pl\/wp-content\/uploads\/2021\/07\/Miko\u0142aj.Trzaska-1-350x521.png 350w, https:\/\/shalom.org.pl\/wp-content\/uploads\/2021\/07\/Miko\u0142aj.Trzaska-1.png 554w\" sizes=\"(max-width: 225px) 100vw, 225px\" \/><\/td>\n<td style=\"width: 68.303%;\"><span style=\"font-size: 10pt;\"><strong>Miko\u0142aj Trzaska<\/strong> &#8211; ikona jazzowej awangardy w Polsce, ale w wymiarze co najmniej europejskim. Saksofonista, klarnecista basowy, kompozytor, na sta\u0142e zwi\u0105zany z Gda\u0144skiem. Studiowa\u0142 malarstwo na gda\u0144skim ASP, ale jego prawdziw\u0105 mi\u0142o\u015bci\u0105 okaza\u0142a si\u0119 by\u0107 muzyka. Jeszcze na studiach do\u0142\u0105czy\u0142 do zespo\u0142u Tymona Tyma\u0144skiego Sni Sredstwom Za Uklanianie, a za jaki\u015b czas by\u0142 ju\u017c wsp\u00f3\u0142za\u0142o\u017cycielem grupy Mi\u0142o\u015b\u0107 (1990-2001). W 1993 roku za\u0142o\u017cy\u0142 w\u0142asny zesp\u00f3\u0142 \u0141oskot, p\u00f3\u017aniej wsp\u00f3\u0142tworzy\u0142 kwartet NRD (z Jerzym Mazzolem, Ryszardem Tyma\u0144ski, Jackiem Olterem). Wsp\u00f3\u0142pracowa\u0142 te\u017c m.in. z krakowskim zespo\u0142em \u015awietliki i z duetem instrumentalno-kompozytorskim \u2013 Marcinem i Bart\u0142omiejem Olesiami, z Robertem Brylewskim, Milo Kurtisem, ale te\u017c z ukrai\u0144skim pisarzem i poet\u0105 Jurijem Andruchowyczem czy austriack\u0105 wiolonczelistk\u0105 i kompozytork\u0105 Clemetine Gasser. Wsp\u00f3lnie z Peterem Friisem Nielsenem, Peeterem Uuskyl\u0105 i Peter Br\u00f6tzmann wsp\u00f3\u0142tworzy\u0142 North Quartet, gra\u0142 te\u017c w trio z Peterem Friisem Nielsenem i Peterem Ole Jorgensenem oraz z Joe&#8217;m McPhee oraz Jay&#8217;em Rosenem. Ukoronowaniem jego dzia\u0142a\u0144 na arenie mi\u0119dzynarodowej by\u0142o zaproszenie do mi\u0119dzynarodowego projektu Kena Vandermarka &#8220;Resonance&#8221;.<\/span><\/p>\n<p><span style=\"font-size: 10pt;\">R\u00f3wnolegle wsp\u00f3\u0142istniej\u0105cy nurt jego tw\u00f3rczo\u015bci stanowi muzyka \u017cydowska. Wyrazem tej fascynacji jest nie tylko dzia\u0142alno\u015b\u0107 koncertowa, ale tak\u017ce p\u0142yty jego zespo\u0142\u00f3w: Shofar (z udzia\u0142em gitarzysty i kompozytora&nbsp;Raphaela Rogi\u0144skiego&nbsp;oraz perkusisty&nbsp;Macia Morettiego) i kwartet klarnetowy Ircha (z Wac\u0142awem Zimpelem,&nbsp;Paw\u0142em Szamburskim&nbsp;i&nbsp;Micha\u0142em G\u00f3rczy\u0144skim).<\/span><\/p>\n<p><span style=\"font-size: 10pt;\">Od wielu lat dzia\u0142a tak\u017ce na polu muzyki filmowej \u2013 najbardziej znane s\u0105 jego kompozycje do kolejnych sze\u015bciu film\u00f3w z Wojciecha Smarzowskiego. Wsp\u00f3\u0142pracowa\u0142 te\u017c z Borysem Lankoszem, Szymonem Uliaszem i Magdalen\u0105 Guba\u0142\u0105, kt\u00f3rzy w 2016 roku wsp\u00f3lnie wyre\u017cyserowali&nbsp; film biograficzny Miko\u0142aja Trzaski pt. &#8220;Ucho wewn\u0119trzne&#8221;.<\/span><\/td>\n<\/tr>\n<\/tbody>\n<\/table>\n<hr>\n<p>Uwaga: Podczas spotkania b\u0119dzie mo\u017cna kupi\u0107 ksi\u0105\u017ck\u0119 \u201eWrzeszcz! Miko\u0142aj Trzaska. Autobiografia\u201d (Wydawnictwo Literackie)<\/p>\n<p><img decoding=\"async\" class=\"aligncenter wp-image-13674\" src=\"http:\/\/shalom.org.pl\/wp-content\/uploads\/2021\/07\/wrzeszcz-mikolaj-trzaska-autobiografia-207x300.jpg\" alt=\"\" width=\"172\" height=\"250\" srcset=\"https:\/\/shalom.org.pl\/wp-content\/uploads\/2021\/07\/wrzeszcz-mikolaj-trzaska-autobiografia-207x300.jpg 207w, https:\/\/shalom.org.pl\/wp-content\/uploads\/2021\/07\/wrzeszcz-mikolaj-trzaska-autobiografia-176x255.jpg 176w, https:\/\/shalom.org.pl\/wp-content\/uploads\/2021\/07\/wrzeszcz-mikolaj-trzaska-autobiografia.jpg 333w\" sizes=\"(max-width: 172px) 100vw, 172px\" \/><\/p>\n<hr>\n<p><span style=\"font-size: 10pt;\"><strong>Austriackie Forum Kultury<\/strong><strong>, ul. Pr\u00f3\u017cna 7\/9<\/strong><\/span><\/p>\n<p><span style=\"font-size: 10pt;\">Wst\u0119p po potwierdzeniu obecno\u015bci od 3 sierpnia na: <a href=\"mailto:warschau-kf@bmeia.gv.at\">warschau-kf@bmeia.gv.at<\/a><strong>; <\/strong>miejsca nie s\u0105 numerowane<\/span><\/p>\n<p><span style=\"font-size: 10pt;\">Wydarzenie transmitowane tak\u017ce on-line \u2013 na profilach Austriackiego Forum Kultury i Festiwalu Warszawa Singera na Facebooku<\/span><\/p>\n","protected":false},"excerpt":{"rendered":"<p>Spotkanie z cyklu \u201eOpowiedz mi swoj\u0105 histori\u0119\u201d z Miko\u0142ajem Trzask\u0105 Prowadzenie:&nbsp;Katarzyna Montgomery&nbsp; Miko\u0142aj Trzaska &#8211; ikona jazzowej awangardy w Polsce, [&hellip;]<\/p>\n","protected":false},"author":5,"featured_media":0,"comment_status":"open","ping_status":"open","sticky":false,"template":"","format":"standard","meta":{"_acf_changed":false,"ngg_post_thumbnail":0,"footnotes":""},"categories":[53],"tags":[75],"class_list":["post-13673","post","type-post","status-publish","format-standard","hentry","category-program","tag-spotkanie"],"acf":[],"_links":{"self":[{"href":"https:\/\/shalom.org.pl\/en\/wp-json\/wp\/v2\/posts\/13673","targetHints":{"allow":["GET"]}}],"collection":[{"href":"https:\/\/shalom.org.pl\/en\/wp-json\/wp\/v2\/posts"}],"about":[{"href":"https:\/\/shalom.org.pl\/en\/wp-json\/wp\/v2\/types\/post"}],"author":[{"embeddable":true,"href":"https:\/\/shalom.org.pl\/en\/wp-json\/wp\/v2\/users\/5"}],"replies":[{"embeddable":true,"href":"https:\/\/shalom.org.pl\/en\/wp-json\/wp\/v2\/comments?post=13673"}],"version-history":[{"count":8,"href":"https:\/\/shalom.org.pl\/en\/wp-json\/wp\/v2\/posts\/13673\/revisions"}],"predecessor-version":[{"id":14506,"href":"https:\/\/shalom.org.pl\/en\/wp-json\/wp\/v2\/posts\/13673\/revisions\/14506"}],"wp:attachment":[{"href":"https:\/\/shalom.org.pl\/en\/wp-json\/wp\/v2\/media?parent=13673"}],"wp:term":[{"taxonomy":"category","embeddable":true,"href":"https:\/\/shalom.org.pl\/en\/wp-json\/wp\/v2\/categories?post=13673"},{"taxonomy":"post_tag","embeddable":true,"href":"https:\/\/shalom.org.pl\/en\/wp-json\/wp\/v2\/tags?post=13673"}],"curies":[{"name":"wp","href":"https:\/\/api.w.org\/{rel}","templated":true}]}}