{"id":13631,"date":"2021-07-14T22:37:16","date_gmt":"2021-07-14T20:37:16","guid":{"rendered":"http:\/\/shalom.org.pl\/?p=13631"},"modified":"2021-07-17T22:19:42","modified_gmt":"2021-07-17T20:19:42","slug":"spacer-miejski-dom-praca-przetrwanie-o-kobietach-getta-warszawskiego-prowadzenie-sylwia-chutnik-i-natalia-judzinska","status":"publish","type":"post","link":"https:\/\/shalom.org.pl\/en\/spacer-miejski-dom-praca-przetrwanie-o-kobietach-getta-warszawskiego-prowadzenie-sylwia-chutnik-i-natalia-judzinska\/","title":{"rendered":"Spacer miejski: \u201eDom, praca, przetrwanie. O kobietach getta warszawskiego\u201d, prowadzenie: Sylwia Chutnik i Natalia Judzi\u0144ska"},"content":{"rendered":"<h3><strong>Spacer miejski: \u201eDom, praca, przetrwanie. O kobietach getta warszawskiego\u201d<\/strong>, prowadzenie: <strong>Sylwia Chutnik<\/strong> i <strong>Natalia Judzi\u0144ska<\/strong><\/h3>\n<p>Muran\u00f3w to Miejsce-Po-Getcie. Zr\u00f3wnane z ziemi\u0105, zasypane i wybudowane na nowo. \u015alady dawnego miasta wy\u0142aniaj\u0105 si\u0119 jednak spod ziemi i nie pozwalaj\u0105 nam o sobie zapomnie\u0107. Proponujemy wi\u0119c zatrzyma\u0107 si\u0119 na chwil\u0119, by je dostrzec i doceni\u0107. Podczas herstorycznego&nbsp;spaceru przypomnimy dawne mieszkanki getta warszawskiego, takie jak&nbsp;Adina Blady-Szwajger,&nbsp;Luba Bielicka-Blum, Gustawa Jarecka czy Rachela Auerbach.<\/p>\n<p><span style=\"font-size: 12pt;\"><strong>Miejsce spotkania:&nbsp;<\/strong>ul. Sienna 53<\/span><\/p>\n<hr>\n<p><span style=\"font-size: 10pt;\">Wst\u0119p po potwierdzeniu obecno\u015bci od 3 do 19 sierpnia w Biurze Festiwalowym \u2013 ul. Senatorska 35, tel. 578&nbsp;550&nbsp;797, 576&nbsp;044&nbsp;547<\/span><\/p>\n","protected":false},"excerpt":{"rendered":"<p>Spacer miejski: \u201eDom, praca, przetrwanie. O kobietach getta warszawskiego\u201d, prowadzenie: Sylwia Chutnik i Natalia Judzi\u0144ska Muran\u00f3w to Miejsce-Po-Getcie. Zr\u00f3wnane z [&hellip;]<\/p>\n","protected":false},"author":5,"featured_media":0,"comment_status":"open","ping_status":"open","sticky":false,"template":"","format":"standard","meta":{"_acf_changed":false,"ngg_post_thumbnail":0,"footnotes":""},"categories":[53],"tags":[77],"class_list":["post-13631","post","type-post","status-publish","format-standard","hentry","category-program","tag-spacer"],"acf":[],"_links":{"self":[{"href":"https:\/\/shalom.org.pl\/en\/wp-json\/wp\/v2\/posts\/13631","targetHints":{"allow":["GET"]}}],"collection":[{"href":"https:\/\/shalom.org.pl\/en\/wp-json\/wp\/v2\/posts"}],"about":[{"href":"https:\/\/shalom.org.pl\/en\/wp-json\/wp\/v2\/types\/post"}],"author":[{"embeddable":true,"href":"https:\/\/shalom.org.pl\/en\/wp-json\/wp\/v2\/users\/5"}],"replies":[{"embeddable":true,"href":"https:\/\/shalom.org.pl\/en\/wp-json\/wp\/v2\/comments?post=13631"}],"version-history":[{"count":3,"href":"https:\/\/shalom.org.pl\/en\/wp-json\/wp\/v2\/posts\/13631\/revisions"}],"predecessor-version":[{"id":13771,"href":"https:\/\/shalom.org.pl\/en\/wp-json\/wp\/v2\/posts\/13631\/revisions\/13771"}],"wp:attachment":[{"href":"https:\/\/shalom.org.pl\/en\/wp-json\/wp\/v2\/media?parent=13631"}],"wp:term":[{"taxonomy":"category","embeddable":true,"href":"https:\/\/shalom.org.pl\/en\/wp-json\/wp\/v2\/categories?post=13631"},{"taxonomy":"post_tag","embeddable":true,"href":"https:\/\/shalom.org.pl\/en\/wp-json\/wp\/v2\/tags?post=13631"}],"curies":[{"name":"wp","href":"https:\/\/api.w.org\/{rel}","templated":true}]}}