{"id":13602,"date":"2021-07-14T00:07:05","date_gmt":"2021-07-13T22:07:05","guid":{"rendered":"http:\/\/shalom.org.pl\/?p=13602"},"modified":"2021-07-14T00:07:05","modified_gmt":"2021-07-13T22:07:05","slug":"pokaz-filmu-wspolne-losy-rez-zvi-slepon","status":"publish","type":"post","link":"https:\/\/shalom.org.pl\/en\/pokaz-filmu-wspolne-losy-rez-zvi-slepon\/","title":{"rendered":"Pokaz filmu: \u201eWsp\u00f3lne losy\u201d, re\u017c. Zvi Slepon"},"content":{"rendered":"<h3><strong>Pokaz filmu: \u201eWsp\u00f3lne losy\u201d, re\u017c. Zvi Slepon<\/strong><\/h3>\n<p>Film dokumentalny \/ 2020<\/p>\n<p>Produkcja i re\u017cyseria: <strong>Zvi Slepon<\/strong>, zdj\u0119cia: <strong>Yoram Mor<\/strong>, monta\u017c: <strong>Ami Drozd<\/strong><\/p>\n<p>W Ogrodzie Sprawiedliwych w Yad Vashem ro\u015bnie kilka tysi\u0119cy drzew oliwnych zasadzonych ku pami\u0119ci os\u00f3b, kt\u00f3re w czasie II wojny \u015bwiatowej nios\u0142y pomoc \u017bydom. Yad Vashem to instytucja powo\u0142ana w celu dokumentowania historii Narodu \u017bydowskiego podczas Zag\u0142ady i upami\u0119tniania Ofiar tego okresu.<\/p>\n<p>Pod koniec lat 90. Yad Vashem zaprosi\u0142o, jak si\u0119 z czasem okaza\u0142o, jedn\u0105 z najg\u0142o\u015bniejszych \u015bwiatowych wystaw dotycz\u0105cych tematyki holokaustu \u2013 \u201eI ci\u0105gle widz\u0119 ich twarze\u201d. \u201ePodr\u00f3\u017cuj\u0105c\u0105 wystaw\u0119\u201d (prezentowan\u0105 do tej pory w blisko 50 muzeach, m.in. w Los Angeles, Meksyku, San Jose, St. Petersburgu, Hamburgu, Pary\u017cu, Londynie, Madrycie, Wilnie, Buenos Aires, Porto, Grenoble, Lyonie i Toronto), na kt\u00f3r\u0105 sk\u0142ada si\u0119 kilkaset fotografii \u017byd\u00f3w Polskich, wybranych spo\u015br\u00f3d 9000 fotografii, przedstawiaj\u0105cych tych, kt\u00f3rych \u017cycie unicestwi\u0142a Zag\u0142ada.<\/p>\n\n\t\t<style type=\"text\/css\">\n\t\t\t#gallery-1 {\n\t\t\t\tmargin: auto;\n\t\t\t}\n\t\t\t#gallery-1 .gallery-item {\n\t\t\t\tfloat: left;\n\t\t\t\tmargin-top: 10px;\n\t\t\t\ttext-align: center;\n\t\t\t\twidth: 33%;\n\t\t\t}\n\t\t\t#gallery-1 img {\n\t\t\t\tborder: 2px solid #cfcfcf;\n\t\t\t}\n\t\t\t#gallery-1 .gallery-caption {\n\t\t\t\tmargin-left: 0;\n\t\t\t}\n\t\t\t\/* see gallery_shortcode() in wp-includes\/media.php *\/\n\t\t<\/style>\n\t\t<div id='gallery-1' class='gallery galleryid-13602 gallery-columns-3 gallery-size-thumbnail'><dl class='gallery-item'>\n\t\t\t<dt class='gallery-icon landscape'>\n\t\t\t\t<a href='https:\/\/shalom.org.pl\/en\/pokaz-filmu-wspolne-losy-rez-zvi-slepon\/050516_071302_2-1\/'><img fetchpriority=\"high\" decoding=\"async\" width=\"300\" height=\"300\" src=\"https:\/\/shalom.org.pl\/wp-content\/uploads\/2021\/07\/050516_071302_2-1-300x300.jpg\" class=\"attachment-thumbnail size-thumbnail\" alt=\"\" \/><\/a>\n\t\t\t<\/dt><\/dl><dl class='gallery-item'>\n\t\t\t<dt class='gallery-icon landscape'>\n\t\t\t\t<a href='https:\/\/shalom.org.pl\/en\/pokaz-filmu-wspolne-losy-rez-zvi-slepon\/050516_071330_3-1-300x300\/'><img decoding=\"async\" width=\"300\" height=\"300\" src=\"https:\/\/shalom.org.pl\/wp-content\/uploads\/2021\/07\/050516_071330_3-1-300x300.jpg\" class=\"attachment-thumbnail size-thumbnail\" alt=\"\" srcset=\"https:\/\/shalom.org.pl\/wp-content\/uploads\/2021\/07\/050516_071330_3-1-300x300.jpg 300w, https:\/\/shalom.org.pl\/wp-content\/uploads\/2021\/07\/050516_071330_3-1-300x300-255x255.jpg 255w\" sizes=\"(max-width: 300px) 100vw, 300px\" \/><\/a>\n\t\t\t<\/dt><\/dl><dl class='gallery-item'>\n\t\t\t<dt class='gallery-icon landscape'>\n\t\t\t\t<a href='https:\/\/shalom.org.pl\/en\/pokaz-filmu-wspolne-losy-rez-zvi-slepon\/050516_071239_1-1\/'><img decoding=\"async\" width=\"300\" height=\"300\" src=\"https:\/\/shalom.org.pl\/wp-content\/uploads\/2021\/07\/050516_071239_1-1-300x300.jpg\" class=\"attachment-thumbnail size-thumbnail\" alt=\"\" \/><\/a>\n\t\t\t<\/dt><\/dl><br style=\"clear: both\" \/>\n\t\t<\/div>\n\n<p>Otwarcie wystawy w izraelskim instytucie odby\u0142o si\u0119 w 1998 roku, w dwa lata po jej stworzeniu, a jej inicjatorka \u2013 Go\u0142da Tencer zosta\u0142a w\u00f3wczas nagrodzona medalem przyznawanym przez Instytut. Na uroczyste otwarcie wystawy przybyli go\u015bcie z kilkunastu kraj\u00f3w \u015bwiata, kt\u00f3rzy jeszcze jako m\u0142odzie\u017c wyemigrowali z Polski w latach 1968-1972 w skutek wydarze\u0144 marca\u201968. Dawn\u0105 m\u0142odzie\u017c, kt\u00f3r\u0105 po dzi\u015b dzie\u0144 \u0142\u0105cz\u0105 \u201ewsp\u00f3lne losy\u201d.<\/p>\n<hr>\n<p><span style=\"font-size: 10pt;\"><strong>Austriackie Forum Kultury<\/strong><strong>, ul. Pr\u00f3\u017cna 7\/9<\/strong><\/span><\/p>\n<p><span style=\"font-size: 10pt;\">Wst\u0119p po potwierdzeniu obecno\u015bci od 3 sierpnia na: <a href=\"mailto:warschau-kf@bmeia.gv.at\">warschau-kf@bmeia.gv.at<\/a><strong>; <\/strong>miejsca nie s\u0105 numerowane<\/span><\/p>\n<p>&nbsp;<\/p>\n","protected":false},"excerpt":{"rendered":"<p>Pokaz filmu: \u201eWsp\u00f3lne losy\u201d, re\u017c. Zvi Slepon Film dokumentalny \/ 2020 Produkcja i re\u017cyseria: Zvi Slepon, zdj\u0119cia: Yoram Mor, monta\u017c: [&hellip;]<\/p>\n","protected":false},"author":5,"featured_media":0,"comment_status":"open","ping_status":"open","sticky":false,"template":"","format":"standard","meta":{"_acf_changed":false,"ngg_post_thumbnail":0,"footnotes":""},"categories":[53],"tags":[402],"class_list":["post-13602","post","type-post","status-publish","format-standard","hentry","category-program","tag-pokaz-filmu"],"acf":[],"_links":{"self":[{"href":"https:\/\/shalom.org.pl\/en\/wp-json\/wp\/v2\/posts\/13602","targetHints":{"allow":["GET"]}}],"collection":[{"href":"https:\/\/shalom.org.pl\/en\/wp-json\/wp\/v2\/posts"}],"about":[{"href":"https:\/\/shalom.org.pl\/en\/wp-json\/wp\/v2\/types\/post"}],"author":[{"embeddable":true,"href":"https:\/\/shalom.org.pl\/en\/wp-json\/wp\/v2\/users\/5"}],"replies":[{"embeddable":true,"href":"https:\/\/shalom.org.pl\/en\/wp-json\/wp\/v2\/comments?post=13602"}],"version-history":[{"count":1,"href":"https:\/\/shalom.org.pl\/en\/wp-json\/wp\/v2\/posts\/13602\/revisions"}],"predecessor-version":[{"id":13606,"href":"https:\/\/shalom.org.pl\/en\/wp-json\/wp\/v2\/posts\/13602\/revisions\/13606"}],"wp:attachment":[{"href":"https:\/\/shalom.org.pl\/en\/wp-json\/wp\/v2\/media?parent=13602"}],"wp:term":[{"taxonomy":"category","embeddable":true,"href":"https:\/\/shalom.org.pl\/en\/wp-json\/wp\/v2\/categories?post=13602"},{"taxonomy":"post_tag","embeddable":true,"href":"https:\/\/shalom.org.pl\/en\/wp-json\/wp\/v2\/tags?post=13602"}],"curies":[{"name":"wp","href":"https:\/\/api.w.org\/{rel}","templated":true}]}}