{"id":13527,"date":"2021-07-12T22:25:23","date_gmt":"2021-07-12T20:25:23","guid":{"rendered":"http:\/\/shalom.org.pl\/?p=13527"},"modified":"2021-08-10T21:27:51","modified_gmt":"2021-08-10T19:27:51","slug":"spacer-miejski-sladami-awangardy-jidysz-w-warszawie-prowadzenie-dr-karolina-szymaniak","status":"publish","type":"post","link":"https:\/\/shalom.org.pl\/en\/spacer-miejski-sladami-awangardy-jidysz-w-warszawie-prowadzenie-dr-karolina-szymaniak\/","title":{"rendered":"Spacer miejski: \u201e\u015aladami awangardy jidysz w Warszawie\u201d, prowadzenie: dr Karolina Szymaniak"},"content":{"rendered":"<h3><strong>Spacer miejski: \u201e\u015aladami awangardy jidysz w Warszawie\u201d, <\/strong>prowadzenie: <strong>dr Karolina Szymaniak<\/strong><\/h3>\n<p>Z punktu widzenia kultury jidysz na pocz\u0105tku lat 20. ubieg\u0142ego wieku Warszawa by\u0142a metropoli\u0105 o nawet wi\u0119kszym znaczeniu ni\u017c Berlin czy Pary\u017c. To w jidysz ukazywa\u0142y si\u0119 pierwsze w Polsce teksty o filmie abstrakcyjnym czy niekt\u00f3rych nowych koncepcjach malarskich. W dziedzinie teatru trwa\u0142a \u015bcis\u0142a wsp\u00f3\u0142praca mi\u0119dzy \u017cydowskimi i polskimi artystami, a w latach 30. jidyszowy teatr symultaniczny sta\u0142 si\u0119 inspiracj\u0105 dla polskiej awangardy teatralnej. Ta wci\u0105\u017c nie do ko\u0144ca rozpoznana historia rozgrywa\u0142a si\u0119 przede wszystkim w dzisiejszym centrum miasta i \u2013 wbrew pozorom, wci\u0105\u017c mo\u017cna j\u0105 cz\u0119\u015bciowo odczyta\u0107 z dzisiejszej tkanki miejskiej.<\/p>\n<p>Zapraszamy Pa\u0144stwa na wyj\u0105tkowy spacer, podczas kt\u00f3rego odkryjecie Pa\u0144stwo nieznan\u0105 histori\u0119 budynk\u00f3w i miejsc, kt\u00f3re by\u0107 mo\u017ce mijacie w swoich codziennych w\u0119dr\u00f3wkach po Warszawie.<\/p>\n<hr>\n<p><span style=\"font-size: 10pt;\"><strong>Miejsce spotkania:<\/strong> Plac Bankowy 2, pod pomnikiem S. Starzy\u0144skiego<\/span><\/p>\n<p><span style=\"font-size: 10pt;\"><strong>Zapisy: <\/strong>zapisy mailowe przyjmujemy od dnia 9 sierpnia b.r. pod adresem <a href=\"mailto:rezerwacja@jhi.pl\">rezerwacja@jhi.pl<\/a>.<\/span><\/p>\n<p><span style=\"font-size: 10pt;\">W tytule prosimy wpisywa\u0107 \u201eSpacer 23 sierpnia\u201d. Gwarancj\u0105 udzia\u0142u jest otrzymanie maila zwrotnego z potwierdzeniem. W formularzu prosimy o podanie numeru telefonu, kt\u00f3ry u\u0142atwi nam kontakt z Pa\u0144stwem w razie nag\u0142ej zmiany pogody, kt\u00f3ra uniemo\u017cliwi\u0142aby realizacj\u0119 spaceru.<\/span><\/p>\n<p><span style=\"font-size: 10pt;\">W spacerze ze wzgl\u0119d\u00f3w ogranicze\u0144 epidemiologicznych mo\u017ce uczestniczy\u0107 ograniczona liczba uczestnik\u00f3w. Pragniemy poinformowa\u0107, \u017ce na dworze konieczne jest zachowanie dystansu 1,5 m od innych uczestnik\u00f3w.<\/span><\/p>\n<hr>\n<p><span style=\"font-size: 10pt;\"><em>Wydarzenie towarzysz\u0105ce zorganizowane przez \u017bydowski Instytut Historyczny<\/em><\/span><\/p>\n","protected":false},"excerpt":{"rendered":"<p>Spacer miejski: \u201e\u015aladami awangardy jidysz w Warszawie\u201d, prowadzenie: dr Karolina Szymaniak Z punktu widzenia kultury jidysz na pocz\u0105tku lat 20. [&hellip;]<\/p>\n","protected":false},"author":5,"featured_media":0,"comment_status":"open","ping_status":"open","sticky":false,"template":"","format":"standard","meta":{"_acf_changed":false,"ngg_post_thumbnail":0,"footnotes":""},"categories":[53],"tags":[77],"class_list":["post-13527","post","type-post","status-publish","format-standard","hentry","category-program","tag-spacer"],"acf":[],"_links":{"self":[{"href":"https:\/\/shalom.org.pl\/en\/wp-json\/wp\/v2\/posts\/13527","targetHints":{"allow":["GET"]}}],"collection":[{"href":"https:\/\/shalom.org.pl\/en\/wp-json\/wp\/v2\/posts"}],"about":[{"href":"https:\/\/shalom.org.pl\/en\/wp-json\/wp\/v2\/types\/post"}],"author":[{"embeddable":true,"href":"https:\/\/shalom.org.pl\/en\/wp-json\/wp\/v2\/users\/5"}],"replies":[{"embeddable":true,"href":"https:\/\/shalom.org.pl\/en\/wp-json\/wp\/v2\/comments?post=13527"}],"version-history":[{"count":5,"href":"https:\/\/shalom.org.pl\/en\/wp-json\/wp\/v2\/posts\/13527\/revisions"}],"predecessor-version":[{"id":14084,"href":"https:\/\/shalom.org.pl\/en\/wp-json\/wp\/v2\/posts\/13527\/revisions\/14084"}],"wp:attachment":[{"href":"https:\/\/shalom.org.pl\/en\/wp-json\/wp\/v2\/media?parent=13527"}],"wp:term":[{"taxonomy":"category","embeddable":true,"href":"https:\/\/shalom.org.pl\/en\/wp-json\/wp\/v2\/categories?post=13527"},{"taxonomy":"post_tag","embeddable":true,"href":"https:\/\/shalom.org.pl\/en\/wp-json\/wp\/v2\/tags?post=13527"}],"curies":[{"name":"wp","href":"https:\/\/api.w.org\/{rel}","templated":true}]}}