{"id":13520,"date":"2021-07-12T22:16:02","date_gmt":"2021-07-12T20:16:02","guid":{"rendered":"http:\/\/shalom.org.pl\/?p=13520"},"modified":"2022-06-29T23:35:46","modified_gmt":"2022-06-29T21:35:46","slug":"spotkanie-w-kuchni-mamy-soni-golda-tencer-janusz-tencer-dawid-szurmiej-i-przyjaciele-2","status":"publish","type":"post","link":"https:\/\/shalom.org.pl\/en\/spotkanie-w-kuchni-mamy-soni-golda-tencer-janusz-tencer-dawid-szurmiej-i-przyjaciele-2\/","title":{"rendered":"Spotkanie: \u201eW KUCHNI MAMY SONI\u201d \u2013 Go\u0142da Tencer, Janusz Tencer i Przyjaciele"},"content":{"rendered":"<h3><strong>Spotkanie: \u201eW KUCHNI MAMY SONI\u201d \u2013 Go\u0142da Tencer, Janusz Tencer i Przyjaciele<\/strong><\/h3>\n<p><img fetchpriority=\"high\" decoding=\"async\" class=\"wp-image-12993 size-large\" src=\"http:\/\/shalom.org.pl\/wp-content\/uploads\/2021\/05\/FS_2020_poniedzia\u0142ek_3ab-1024x683.jpg\" alt=\"\" width=\"1024\" height=\"683\" srcset=\"https:\/\/shalom.org.pl\/wp-content\/uploads\/2021\/05\/FS_2020_poniedzia\u0142ek_3ab-1024x683.jpg 1024w, https:\/\/shalom.org.pl\/wp-content\/uploads\/2021\/05\/FS_2020_poniedzia\u0142ek_3ab-300x200.jpg 300w, https:\/\/shalom.org.pl\/wp-content\/uploads\/2021\/05\/FS_2020_poniedzia\u0142ek_3ab-768x512.jpg 768w, https:\/\/shalom.org.pl\/wp-content\/uploads\/2021\/05\/FS_2020_poniedzia\u0142ek_3ab-382x255.jpg 382w, https:\/\/shalom.org.pl\/wp-content\/uploads\/2021\/05\/FS_2020_poniedzia\u0142ek_3ab-350x233.jpg 350w, https:\/\/shalom.org.pl\/wp-content\/uploads\/2021\/05\/FS_2020_poniedzia\u0142ek_3ab.jpg 1600w\" sizes=\"(max-width: 1024px) 100vw, 1024px\" \/><\/p>\n<hr>\n<p><span style=\"font-size: 10pt;\"><strong>Scena Letnia Teatru \u017bydowskiego,<\/strong><strong> ul. Senatorska 35<\/strong><\/span><\/p>\n<p><span style=\"font-size: 10pt;\">Wst\u0119p po potwierdzeniu obecno\u015bci od 3 do 19 sierpnia w Biurze Festiwalowym \u2013 ul. Senatorska 35, tel. 578&nbsp;550&nbsp;797, 576&nbsp;044&nbsp;547; miejsca nie s\u0105 numerowane<\/span><\/p>\n","protected":false},"excerpt":{"rendered":"<p>Spotkanie: \u201eW KUCHNI MAMY SONI\u201d \u2013 Go\u0142da Tencer, Janusz Tencer i Przyjaciele Scena Letnia Teatru \u017bydowskiego, ul. Senatorska 35 Wst\u0119p [&hellip;]<\/p>\n","protected":false},"author":5,"featured_media":0,"comment_status":"open","ping_status":"open","sticky":false,"template":"","format":"standard","meta":{"_acf_changed":false,"ngg_post_thumbnail":0,"footnotes":""},"categories":[53],"tags":[71,75],"class_list":["post-13520","post","type-post","status-publish","format-standard","hentry","category-program","tag-koncert","tag-spotkanie"],"acf":[],"_links":{"self":[{"href":"https:\/\/shalom.org.pl\/en\/wp-json\/wp\/v2\/posts\/13520","targetHints":{"allow":["GET"]}}],"collection":[{"href":"https:\/\/shalom.org.pl\/en\/wp-json\/wp\/v2\/posts"}],"about":[{"href":"https:\/\/shalom.org.pl\/en\/wp-json\/wp\/v2\/types\/post"}],"author":[{"embeddable":true,"href":"https:\/\/shalom.org.pl\/en\/wp-json\/wp\/v2\/users\/5"}],"replies":[{"embeddable":true,"href":"https:\/\/shalom.org.pl\/en\/wp-json\/wp\/v2\/comments?post=13520"}],"version-history":[{"count":4,"href":"https:\/\/shalom.org.pl\/en\/wp-json\/wp\/v2\/posts\/13520\/revisions"}],"predecessor-version":[{"id":15496,"href":"https:\/\/shalom.org.pl\/en\/wp-json\/wp\/v2\/posts\/13520\/revisions\/15496"}],"wp:attachment":[{"href":"https:\/\/shalom.org.pl\/en\/wp-json\/wp\/v2\/media?parent=13520"}],"wp:term":[{"taxonomy":"category","embeddable":true,"href":"https:\/\/shalom.org.pl\/en\/wp-json\/wp\/v2\/categories?post=13520"},{"taxonomy":"post_tag","embeddable":true,"href":"https:\/\/shalom.org.pl\/en\/wp-json\/wp\/v2\/tags?post=13520"}],"curies":[{"name":"wp","href":"https:\/\/api.w.org\/{rel}","templated":true}]}}