{"id":13518,"date":"2021-07-12T22:12:10","date_gmt":"2021-07-12T20:12:10","guid":{"rendered":"http:\/\/shalom.org.pl\/?p=13518"},"modified":"2021-07-18T00:47:46","modified_gmt":"2021-07-17T22:47:46","slug":"spotkanie-promujace-wydawnictwa-muzeum-getta-warszawskiego","status":"publish","type":"post","link":"https:\/\/shalom.org.pl\/en\/spotkanie-promujace-wydawnictwa-muzeum-getta-warszawskiego\/","title":{"rendered":"\u201eGetto warszawskie. Miejsca i ludzie\u201d \u2013 spotkanie promuj\u0105ce wydawnictwa Muzeum Getta Warszawskiego"},"content":{"rendered":"<h3><strong>\u201eGetto warszawskie. Miejsca i ludzie\u201d \u2013 spotkanie promuj\u0105ce wydawnictwa Muzeum Getta Warszawskiego<\/strong><\/h3>\n<p>Prowadzenie: <strong>dr Wies\u0142awa M\u0142ynarczyk<\/strong>, <strong>dr Jacek Konik<\/strong><\/p>\n<p>Prezentowane ksi\u0105\u017cki:<\/p>\n<ul>\n<li><strong>\u201eWspomnienia. Moja wersja\u201d<\/strong> autorstwa&nbsp;<strong>Wac\u0142awa Kornbluma<\/strong><\/li>\n<li><strong>\u201eJurek\u201d <\/strong>autorstwa <strong>Ryszarda Walewskiego<\/strong><\/li>\n<li><strong>\u017bydowskie dziecko Warszawy\u201d <\/strong>autorstwa<strong> Bronis\u0142awa Erlicha<\/strong><\/li>\n<li><strong>\u201eSzpital Bersohn\u00f3w i Bauman\u00f3w w Warszawie\u201d<\/strong> autorstwa <strong>dr Hanny W\u0119grzynek<\/strong> i <strong> Konrada Zieli\u0144skiego<\/strong><\/li>\n<\/ul>\n<hr>\n<p><span style=\"font-size: 10pt;\"><strong>Filmoteka Narodowa- Instytut Audiowizualny, ul. Wa\u0142brzyska 3\/5<\/strong><\/span><\/p>\n<p><span style=\"font-size: 10pt;\">Wst\u0119p wolny<\/span><\/p>\n<hr>\n<p><span style=\"font-size: 10pt;\"><em>Wydarzenie towarzysz\u0105ce zorganizowane przez Muzeum Getta Warszawskiego<\/em><\/span><\/p>\n<p><img decoding=\"async\" class=\"alignnone wp-image-11746 size-full\" src=\"http:\/\/shalom.org.pl\/wp-content\/uploads\/2020\/08\/MGW_PL_Brightred-\u2014-kopia.png\" alt=\"\" width=\"150\" height=\"150\"><\/p>\n","protected":false},"excerpt":{"rendered":"<p>\u201eGetto warszawskie. Miejsca i ludzie\u201d \u2013 spotkanie promuj\u0105ce wydawnictwa Muzeum Getta Warszawskiego Prowadzenie: dr Wies\u0142awa M\u0142ynarczyk, dr Jacek Konik Prezentowane [&hellip;]<\/p>\n","protected":false},"author":5,"featured_media":0,"comment_status":"open","ping_status":"open","sticky":false,"template":"","format":"standard","meta":{"_acf_changed":false,"ngg_post_thumbnail":0,"footnotes":""},"categories":[53],"tags":[73],"class_list":["post-13518","post","type-post","status-publish","format-standard","hentry","category-program","tag-salon-literacki"],"acf":[],"_links":{"self":[{"href":"https:\/\/shalom.org.pl\/en\/wp-json\/wp\/v2\/posts\/13518","targetHints":{"allow":["GET"]}}],"collection":[{"href":"https:\/\/shalom.org.pl\/en\/wp-json\/wp\/v2\/posts"}],"about":[{"href":"https:\/\/shalom.org.pl\/en\/wp-json\/wp\/v2\/types\/post"}],"author":[{"embeddable":true,"href":"https:\/\/shalom.org.pl\/en\/wp-json\/wp\/v2\/users\/5"}],"replies":[{"embeddable":true,"href":"https:\/\/shalom.org.pl\/en\/wp-json\/wp\/v2\/comments?post=13518"}],"version-history":[{"count":6,"href":"https:\/\/shalom.org.pl\/en\/wp-json\/wp\/v2\/posts\/13518\/revisions"}],"predecessor-version":[{"id":13814,"href":"https:\/\/shalom.org.pl\/en\/wp-json\/wp\/v2\/posts\/13518\/revisions\/13814"}],"wp:attachment":[{"href":"https:\/\/shalom.org.pl\/en\/wp-json\/wp\/v2\/media?parent=13518"}],"wp:term":[{"taxonomy":"category","embeddable":true,"href":"https:\/\/shalom.org.pl\/en\/wp-json\/wp\/v2\/categories?post=13518"},{"taxonomy":"post_tag","embeddable":true,"href":"https:\/\/shalom.org.pl\/en\/wp-json\/wp\/v2\/tags?post=13518"}],"curies":[{"name":"wp","href":"https:\/\/api.w.org\/{rel}","templated":true}]}}