{"id":13514,"date":"2021-07-12T22:07:23","date_gmt":"2021-07-12T20:07:23","guid":{"rendered":"http:\/\/shalom.org.pl\/?p=13514"},"modified":"2021-07-12T22:07:23","modified_gmt":"2021-07-12T20:07:23","slug":"oprowadzanie-kuratorskie-po-wystawie-plenerowej-co-trzeci-sposrod-nas-prezentowanej-przy-pl-grzybowskim","status":"publish","type":"post","link":"https:\/\/shalom.org.pl\/en\/oprowadzanie-kuratorskie-po-wystawie-plenerowej-co-trzeci-sposrod-nas-prezentowanej-przy-pl-grzybowskim\/","title":{"rendered":"Oprowadzanie kuratorskie po wystawie plenerowej \u201eCo trzeci spo\u015br\u00f3d nas\u201d, prezentowanej przy Pl. Grzybowskim"},"content":{"rendered":"<h3><strong>Oprowadzanie kuratorskie po wystawie plenerowej \u201eCo trzeci spo\u015br\u00f3d nas\u201d, prezentowanej przy Pl. Grzybowskim<\/strong><\/h3>\n<p>Prowadzenie:<strong> dr Wies\u0142awa M\u0142ynarczyk<\/strong><\/p>\n<hr>\n<p><span style=\"font-size: 10pt;\"><strong>Miejsce zbi\u00f3rki: <\/strong>Plac Grzybowski<\/span><\/p>\n<p><span style=\"font-size: 10pt;\">Wst\u0119p wolny<\/span><\/p>\n<hr>\n<p><span style=\"font-size: 10pt;\"><em>Wydarzenie towarzysz\u0105ce zorganizowane przez Muzeum Getta Warszawskiego<\/em><\/span><\/p>\n<p><img decoding=\"async\" class=\"alignnone wp-image-11746 size-full\" src=\"http:\/\/shalom.org.pl\/wp-content\/uploads\/2020\/08\/MGW_PL_Brightred-\u2014-kopia.png\" alt=\"\" width=\"150\" height=\"150\"><\/p>\n","protected":false},"excerpt":{"rendered":"<p>Oprowadzanie kuratorskie po wystawie plenerowej \u201eCo trzeci spo\u015br\u00f3d nas\u201d, prezentowanej przy Pl. Grzybowskim Prowadzenie: dr Wies\u0142awa M\u0142ynarczyk Miejsce zbi\u00f3rki: Plac [&hellip;]<\/p>\n","protected":false},"author":5,"featured_media":0,"comment_status":"open","ping_status":"open","sticky":false,"template":"","format":"standard","meta":{"_acf_changed":false,"ngg_post_thumbnail":0,"footnotes":""},"categories":[53],"tags":[85],"class_list":["post-13514","post","type-post","status-publish","format-standard","hentry","category-program","tag-wystawa"],"acf":[],"_links":{"self":[{"href":"https:\/\/shalom.org.pl\/en\/wp-json\/wp\/v2\/posts\/13514","targetHints":{"allow":["GET"]}}],"collection":[{"href":"https:\/\/shalom.org.pl\/en\/wp-json\/wp\/v2\/posts"}],"about":[{"href":"https:\/\/shalom.org.pl\/en\/wp-json\/wp\/v2\/types\/post"}],"author":[{"embeddable":true,"href":"https:\/\/shalom.org.pl\/en\/wp-json\/wp\/v2\/users\/5"}],"replies":[{"embeddable":true,"href":"https:\/\/shalom.org.pl\/en\/wp-json\/wp\/v2\/comments?post=13514"}],"version-history":[{"count":1,"href":"https:\/\/shalom.org.pl\/en\/wp-json\/wp\/v2\/posts\/13514\/revisions"}],"predecessor-version":[{"id":13515,"href":"https:\/\/shalom.org.pl\/en\/wp-json\/wp\/v2\/posts\/13514\/revisions\/13515"}],"wp:attachment":[{"href":"https:\/\/shalom.org.pl\/en\/wp-json\/wp\/v2\/media?parent=13514"}],"wp:term":[{"taxonomy":"category","embeddable":true,"href":"https:\/\/shalom.org.pl\/en\/wp-json\/wp\/v2\/categories?post=13514"},{"taxonomy":"post_tag","embeddable":true,"href":"https:\/\/shalom.org.pl\/en\/wp-json\/wp\/v2\/tags?post=13514"}],"curies":[{"name":"wp","href":"https:\/\/api.w.org\/{rel}","templated":true}]}}