{"id":13464,"date":"2021-07-11T17:24:16","date_gmt":"2021-07-11T15:24:16","guid":{"rendered":"http:\/\/shalom.org.pl\/?p=13464"},"modified":"2021-07-30T08:59:54","modified_gmt":"2021-07-30T06:59:54","slug":"wernisaz-wystawy-sztetl-reinterpretacje","status":"publish","type":"post","link":"https:\/\/shalom.org.pl\/en\/wernisaz-wystawy-sztetl-reinterpretacje\/","title":{"rendered":"Wernisa\u017c wystawy: \u201eSZTET\u0141 \u2013 REINTERPRETACJE\u201d"},"content":{"rendered":"<h3><strong>Wernisa\u017c wystawy: \u201eSZTET\u0141 \u2013 REINTERPRETACJE\u201d<\/strong><\/h3>\n<p>Kurator:<strong> prof. W\u0142odzimierz Szyma\u0144ski<\/strong><\/p>\n<p>Wystawa ma odpowiada\u0107 na zagadnienie dotycz\u0105ce wsp\u00f3\u0142czesnych reinterpretacji dotycz\u0105cych przestrzeni sztetla w wymiarze wyobra\u017ceniowym i symbolicznym. R\u00f3\u017cni arty\u015bci, r\u00f3\u017cne pokolenia i r\u00f3\u017cne media spotykaj\u0105 si\u0119 tam, gdzie sztet\u0142 staje si\u0119 pretekstem do wykreowania nowych znacze\u0144 zar\u00f3wno w sferze mentalnej jak i fizycznej.&nbsp;<\/p>\n<p>Daty otwarcia wystawy: od <strong>21 sierpnia <\/strong>do <strong>4 wrze\u015bnia 2021<\/strong>, w godz.: 14.00- 20.00<\/p>\n<p>&nbsp;<\/p>\n<div id=\"attachment_13465\" style=\"width: 1034px\" class=\"wp-caption alignnone\"><img fetchpriority=\"high\" decoding=\"async\" aria-describedby=\"caption-attachment-13465\" class=\"wp-image-13465 size-large\" src=\"http:\/\/shalom.org.pl\/wp-content\/uploads\/2021\/07\/KKD_PLANSZA_SZTETL-1024x724.jpg\" alt=\"\" width=\"1024\" height=\"724\" srcset=\"https:\/\/shalom.org.pl\/wp-content\/uploads\/2021\/07\/KKD_PLANSZA_SZTETL-1024x724.jpg 1024w, https:\/\/shalom.org.pl\/wp-content\/uploads\/2021\/07\/KKD_PLANSZA_SZTETL-300x212.jpg 300w, https:\/\/shalom.org.pl\/wp-content\/uploads\/2021\/07\/KKD_PLANSZA_SZTETL-768x543.jpg 768w, https:\/\/shalom.org.pl\/wp-content\/uploads\/2021\/07\/KKD_PLANSZA_SZTETL-361x255.jpg 361w, https:\/\/shalom.org.pl\/wp-content\/uploads\/2021\/07\/KKD_PLANSZA_SZTETL-350x247.jpg 350w\" sizes=\"(max-width: 1024px) 100vw, 1024px\" \/><p id=\"caption-attachment-13465\" class=\"wp-caption-text\">rys. Klaudia Kiercz-D\u0142ugo\u0142\u0119cka&nbsp;<\/p><\/div>\n<p>&nbsp;<\/p>\n<hr>\n<p><strong>Galeria Spokojna, ul. Spokojna 15<\/strong><\/p>\n<p><span style=\"font-size: 10pt;\">Wst\u0119p wolny<br \/>\n<\/span><\/p>\n<hr>\n<p><span style=\"font-size: 10pt;\"><em>Impreza towarzysz\u0105ca <\/em><em>zorganizowana przez przez Instytut Sztuki Medi\u00f3w im. Ryszarda Winiarskiego przy Akademii Sztuk Pi\u0119knych w Warszawie<\/em><\/span><\/p>\n","protected":false},"excerpt":{"rendered":"<p>Wernisa\u017c wystawy: \u201eSZTET\u0141 \u2013 REINTERPRETACJE\u201d Kurator: prof. W\u0142odzimierz Szyma\u0144ski Wystawa ma odpowiada\u0107 na zagadnienie dotycz\u0105ce wsp\u00f3\u0142czesnych reinterpretacji dotycz\u0105cych przestrzeni sztetla [&hellip;]<\/p>\n","protected":false},"author":5,"featured_media":0,"comment_status":"open","ping_status":"open","sticky":false,"template":"","format":"standard","meta":{"_acf_changed":false,"ngg_post_thumbnail":0,"footnotes":""},"categories":[53],"tags":[85],"class_list":["post-13464","post","type-post","status-publish","format-standard","hentry","category-program","tag-wystawa"],"acf":[],"_links":{"self":[{"href":"https:\/\/shalom.org.pl\/en\/wp-json\/wp\/v2\/posts\/13464","targetHints":{"allow":["GET"]}}],"collection":[{"href":"https:\/\/shalom.org.pl\/en\/wp-json\/wp\/v2\/posts"}],"about":[{"href":"https:\/\/shalom.org.pl\/en\/wp-json\/wp\/v2\/types\/post"}],"author":[{"embeddable":true,"href":"https:\/\/shalom.org.pl\/en\/wp-json\/wp\/v2\/users\/5"}],"replies":[{"embeddable":true,"href":"https:\/\/shalom.org.pl\/en\/wp-json\/wp\/v2\/comments?post=13464"}],"version-history":[{"count":4,"href":"https:\/\/shalom.org.pl\/en\/wp-json\/wp\/v2\/posts\/13464\/revisions"}],"predecessor-version":[{"id":13989,"href":"https:\/\/shalom.org.pl\/en\/wp-json\/wp\/v2\/posts\/13464\/revisions\/13989"}],"wp:attachment":[{"href":"https:\/\/shalom.org.pl\/en\/wp-json\/wp\/v2\/media?parent=13464"}],"wp:term":[{"taxonomy":"category","embeddable":true,"href":"https:\/\/shalom.org.pl\/en\/wp-json\/wp\/v2\/categories?post=13464"},{"taxonomy":"post_tag","embeddable":true,"href":"https:\/\/shalom.org.pl\/en\/wp-json\/wp\/v2\/tags?post=13464"}],"curies":[{"name":"wp","href":"https:\/\/api.w.org\/{rel}","templated":true}]}}