{"id":13380,"date":"2021-06-23T10:41:15","date_gmt":"2021-06-23T08:41:15","guid":{"rendered":"http:\/\/shalom.org.pl\/?p=13380"},"modified":"2021-07-18T00:34:16","modified_gmt":"2021-07-17T22:34:16","slug":"program-muzyczno-literacki-poezja-obrazu-chagall-i-inni","status":"publish","type":"post","link":"https:\/\/shalom.org.pl\/en\/program-muzyczno-literacki-poezja-obrazu-chagall-i-inni\/","title":{"rendered":"Program muzyczno-literacki: \u201ePoezja obrazu. Chagall i inni\u201d"},"content":{"rendered":"<h3><strong>Program muzyczno-literacki<\/strong><strong>: \u201ePoezja obrazu. Chagall i inni\u201d<\/strong><\/h3>\n<p>Prezentacja tekst\u00f3w: <strong>Barbara i Jacek Bursztynowiczowie<\/strong>, \u015bpiew: <strong>Joanna Stefa\u0144ska-Matraszek<\/strong>, fortepian: <strong>Janusz Tylman, <\/strong>s\u0142owo wst\u0119pne: <strong>Daniel Artymowski<\/strong><\/p>\n<hr>\n<p><span style=\"font-size: 10pt;\"><strong>Kalinowe Serce, ul. Krasi\u0144skiego 25 <\/strong>(wej\u015bcie do kawiarni od ul. W. Kochowskiego)<\/span><\/p>\n<p><span style=\"font-size: 10pt;\">Bilety w cenie 60 PLN do kupienia na www.eWej\u015bci\u00f3wki.pl<\/span><\/p>\n","protected":false},"excerpt":{"rendered":"<p>Program muzyczno-literacki: \u201ePoezja obrazu. Chagall i inni\u201d Prezentacja tekst\u00f3w: Barbara i Jacek Bursztynowiczowie, \u015bpiew: Joanna Stefa\u0144ska-Matraszek, fortepian: Janusz Tylman, s\u0142owo [&hellip;]<\/p>\n","protected":false},"author":5,"featured_media":0,"comment_status":"open","ping_status":"open","sticky":false,"template":"","format":"standard","meta":{"_acf_changed":false,"ngg_post_thumbnail":0,"footnotes":""},"categories":[53],"tags":[71],"class_list":["post-13380","post","type-post","status-publish","format-standard","hentry","category-program","tag-koncert"],"acf":[],"_links":{"self":[{"href":"https:\/\/shalom.org.pl\/en\/wp-json\/wp\/v2\/posts\/13380","targetHints":{"allow":["GET"]}}],"collection":[{"href":"https:\/\/shalom.org.pl\/en\/wp-json\/wp\/v2\/posts"}],"about":[{"href":"https:\/\/shalom.org.pl\/en\/wp-json\/wp\/v2\/types\/post"}],"author":[{"embeddable":true,"href":"https:\/\/shalom.org.pl\/en\/wp-json\/wp\/v2\/users\/5"}],"replies":[{"embeddable":true,"href":"https:\/\/shalom.org.pl\/en\/wp-json\/wp\/v2\/comments?post=13380"}],"version-history":[{"count":2,"href":"https:\/\/shalom.org.pl\/en\/wp-json\/wp\/v2\/posts\/13380\/revisions"}],"predecessor-version":[{"id":13809,"href":"https:\/\/shalom.org.pl\/en\/wp-json\/wp\/v2\/posts\/13380\/revisions\/13809"}],"wp:attachment":[{"href":"https:\/\/shalom.org.pl\/en\/wp-json\/wp\/v2\/media?parent=13380"}],"wp:term":[{"taxonomy":"category","embeddable":true,"href":"https:\/\/shalom.org.pl\/en\/wp-json\/wp\/v2\/categories?post=13380"},{"taxonomy":"post_tag","embeddable":true,"href":"https:\/\/shalom.org.pl\/en\/wp-json\/wp\/v2\/tags?post=13380"}],"curies":[{"name":"wp","href":"https:\/\/api.w.org\/{rel}","templated":true}]}}