{"id":13367,"date":"2021-06-23T10:32:17","date_gmt":"2021-06-23T08:32:17","guid":{"rendered":"http:\/\/shalom.org.pl\/?p=13367"},"modified":"2021-07-18T00:23:43","modified_gmt":"2021-07-17T22:23:43","slug":"bardzo-ciekawe-osoby-stand-up-matan-uzdanski","status":"publish","type":"post","link":"https:\/\/shalom.org.pl\/en\/bardzo-ciekawe-osoby-stand-up-matan-uzdanski\/","title":{"rendered":"Wyst\u0119p on-line: \u201eBardzo ciekawe osoby\u201d \u2013 stand up: Matan\/Uzda\u0144ski"},"content":{"rendered":"<h3><strong>Wyst\u0119p on-line: \u201eBardzo ciekawe osoby\u201d \u2013 stand up: Matan\/Uzda\u0144ski<\/strong><\/h3>\n<p>Wyst\u0105pi\u0105:<strong> Agnieszka Matan<\/strong>,<strong> Grzegorz Uzda\u0144ski<\/strong><\/p>\n<p>&nbsp;<\/p>\n<hr>\n<p><span style=\"font-size: 10pt;\">Premiera on-line na profilu Muzeum POLIN na Facebooku<\/span><\/p>\n<hr>\n<p><span style=\"font-size: 10pt;\"><em>Wydarzenie towarzysz\u0105ce zorganizowane przez Muzeum Historii \u017byd\u00f3w Polskich POLIN w ramach projektu \u201e\u0141\u0105ka Le\u015bmiana\u201d, finansowane jest przez Islandi\u0119, Liechtenstein i Norwegi\u0119 w ramach Funduszu EOG oraz przez bud\u017cet krajowy<\/em><\/span><\/p>\n","protected":false},"excerpt":{"rendered":"<p>Wyst\u0119p on-line: \u201eBardzo ciekawe osoby\u201d \u2013 stand up: Matan\/Uzda\u0144ski Wyst\u0105pi\u0105: Agnieszka Matan, Grzegorz Uzda\u0144ski &nbsp; Premiera on-line na profilu Muzeum [&hellip;]<\/p>\n","protected":false},"author":5,"featured_media":0,"comment_status":"open","ping_status":"open","sticky":false,"template":"","format":"standard","meta":{"_acf_changed":false,"ngg_post_thumbnail":0,"footnotes":""},"categories":[53],"tags":[69],"class_list":["post-13367","post","type-post","status-publish","format-standard","hentry","category-program","tag-spektakl"],"acf":[],"_links":{"self":[{"href":"https:\/\/shalom.org.pl\/en\/wp-json\/wp\/v2\/posts\/13367","targetHints":{"allow":["GET"]}}],"collection":[{"href":"https:\/\/shalom.org.pl\/en\/wp-json\/wp\/v2\/posts"}],"about":[{"href":"https:\/\/shalom.org.pl\/en\/wp-json\/wp\/v2\/types\/post"}],"author":[{"embeddable":true,"href":"https:\/\/shalom.org.pl\/en\/wp-json\/wp\/v2\/users\/5"}],"replies":[{"embeddable":true,"href":"https:\/\/shalom.org.pl\/en\/wp-json\/wp\/v2\/comments?post=13367"}],"version-history":[{"count":4,"href":"https:\/\/shalom.org.pl\/en\/wp-json\/wp\/v2\/posts\/13367\/revisions"}],"predecessor-version":[{"id":13574,"href":"https:\/\/shalom.org.pl\/en\/wp-json\/wp\/v2\/posts\/13367\/revisions\/13574"}],"wp:attachment":[{"href":"https:\/\/shalom.org.pl\/en\/wp-json\/wp\/v2\/media?parent=13367"}],"wp:term":[{"taxonomy":"category","embeddable":true,"href":"https:\/\/shalom.org.pl\/en\/wp-json\/wp\/v2\/categories?post=13367"},{"taxonomy":"post_tag","embeddable":true,"href":"https:\/\/shalom.org.pl\/en\/wp-json\/wp\/v2\/tags?post=13367"}],"curies":[{"name":"wp","href":"https:\/\/api.w.org\/{rel}","templated":true}]}}