{"id":13365,"date":"2021-06-23T10:29:49","date_gmt":"2021-06-23T08:29:49","guid":{"rendered":"http:\/\/shalom.org.pl\/?p=13365"},"modified":"2021-07-20T23:11:36","modified_gmt":"2021-07-20T21:11:36","slug":"zydowski-salon-salon-literacki-spotkanie-z-jozefem-henem-w-trzydziesta-rocznice-wydania-ksiazki-nowolipie-i-nie-tylko","status":"publish","type":"post","link":"https:\/\/shalom.org.pl\/en\/zydowski-salon-salon-literacki-spotkanie-z-jozefem-henem-w-trzydziesta-rocznice-wydania-ksiazki-nowolipie-i-nie-tylko\/","title":{"rendered":"\u017bydowski Salon Literacki: J\u00d3ZEF HEN o najpi\u0119kniejszych latach w 30. rocznic\u0119 wydania ksi\u0105\u017cki \u201eNowolipie\u201d i z okazji zbli\u017caj\u0105cych si\u0119 98. urodzin pisarza"},"content":{"rendered":"<h3><strong>\u017bydowski Salon Literacki<\/strong>: <strong>J\u00d3ZEF HEN o najpi\u0119kniejszych latach w 30. rocznic\u0119 wydania ksi\u0105\u017cki \u201eNowolipie\u201d i z okazji zbli\u017caj\u0105cych si\u0119 98. urodzin pisarza <\/strong><\/h3>\n<p>Fragmenty tekst\u00f3w przeczyta<strong> Piotr Sierecki<\/strong><\/p>\n<p>Prowadzenie:<strong> Remigiusz Grzela<\/strong><\/p>\n<table style=\"border-collapse: collapse; width: 100%;\">\n<tbody>\n<tr>\n<td style=\"width: 50%;\"><img fetchpriority=\"high\" decoding=\"async\" class=\"alignnone wp-image-13929\" src=\"http:\/\/shalom.org.pl\/wp-content\/uploads\/2021\/06\/j\u00f3zef-hen-300x229.jpg\" alt=\"\" width=\"600\" height=\"458\" srcset=\"https:\/\/shalom.org.pl\/wp-content\/uploads\/2021\/06\/j\u00f3zef-hen-300x229.jpg 300w, https:\/\/shalom.org.pl\/wp-content\/uploads\/2021\/06\/j\u00f3zef-hen-768x586.jpg 768w, https:\/\/shalom.org.pl\/wp-content\/uploads\/2021\/06\/j\u00f3zef-hen-334x255.jpg 334w, https:\/\/shalom.org.pl\/wp-content\/uploads\/2021\/06\/j\u00f3zef-hen-350x267.jpg 350w, https:\/\/shalom.org.pl\/wp-content\/uploads\/2021\/06\/j\u00f3zef-hen.jpg 975w\" sizes=\"(max-width: 600px) 100vw, 600px\" \/><\/td>\n<td style=\"width: 50%;\"><span style=\"font-size: 10pt;\"><strong>J\u00f3zef Hen<\/strong> (ur. 1923) \u2013 prozaik, eseista, reporta\u017cysta, scenarzysta i re\u017cyser filmowy. Po wybuchu <\/span><span style=\"font-size: 10pt;\">II wojny \u015bwiatowej uciek\u0142 na Wsch\u00f3d; walczy\u0142 w szeregach Armii Czerwonej, a potem Ludowego Wojska Polskiego. Debiutowa\u0142 w roku 1947 ksi\u0105\u017ck\u0105 wspomnieniow\u0105 \u201eKij\u00f3w, Taszkient, Berlin\u201d. Napisa\u0142 ponad dwadzie\u015bcia tom\u00f3w prozy, jest tak\u017ce bardzo cenionym biografem i eseist\u0105, autorem monografii po\u015bwi\u0119conych zar\u00f3wno znanym postaciom kultury powszechnej (\u201eJa, Micha\u0142 z Montaigne\u201d), jak i polskiej (\u201eM\u00f3j przyjaciel kr\u00f3l. Opowie\u015b\u0107 o Stanis\u0142awie Augu\u015bcie Poniatowskim\u201d). Pisuje tak\u017ce scenariusze filmowe, m.in. \u201eKrzy\u017c walecznych\u201d i \u201e\u017bycie Kamila Kuranta\u201d. W 2008 roku nak\u0142adem Wydawnictwa W.A.B. ukaza\u0142y si\u0119 \u201ePingpongista\u201d oraz wznowienie g\u0142o\u015bnej ksi\u0105\u017cki o Tadeuszu Boyu \u017bele\u0144skim \u201eB\u0142azen \u2013 wielki m\u0105\u017c\u201d.<\/span><\/td>\n<\/tr>\n<\/tbody>\n<\/table>\n<p>&nbsp;<\/p>\n<hr>\n<p><span style=\"font-size: 10pt;\"><strong>Austriackie Forum Kultury<\/strong><strong>, ul. Pr\u00f3\u017cna 7\/9<\/strong><\/span><\/p>\n<p><span style=\"font-size: 10pt;\">Wst\u0119p po potwierdzeniu obecno\u015bci od 3 sierpnia na: <a href=\"mailto:warschau-kf@bmeia.gv.at\">warschau-kf@bmeia.gv.at<\/a><strong>; <\/strong>miejsca nie s\u0105 numerowane<\/span><\/p>\n<p><span style=\"font-size: 10pt;\">Wydarzenie transmitowane on-line na profilach Austriackiego Forum Kultury i Festiwalu Warszawa Singera na Facebooku<\/span><\/p>\n","protected":false},"excerpt":{"rendered":"<p>\u017bydowski Salon Literacki: J\u00d3ZEF HEN o najpi\u0119kniejszych latach w 30. rocznic\u0119 wydania ksi\u0105\u017cki \u201eNowolipie\u201d i z okazji zbli\u017caj\u0105cych si\u0119 98. [&hellip;]<\/p>\n","protected":false},"author":5,"featured_media":0,"comment_status":"open","ping_status":"open","sticky":false,"template":"","format":"standard","meta":{"_acf_changed":false,"ngg_post_thumbnail":0,"footnotes":""},"categories":[53],"tags":[73],"class_list":["post-13365","post","type-post","status-publish","format-standard","hentry","category-program","tag-salon-literacki"],"acf":[],"_links":{"self":[{"href":"https:\/\/shalom.org.pl\/en\/wp-json\/wp\/v2\/posts\/13365","targetHints":{"allow":["GET"]}}],"collection":[{"href":"https:\/\/shalom.org.pl\/en\/wp-json\/wp\/v2\/posts"}],"about":[{"href":"https:\/\/shalom.org.pl\/en\/wp-json\/wp\/v2\/types\/post"}],"author":[{"embeddable":true,"href":"https:\/\/shalom.org.pl\/en\/wp-json\/wp\/v2\/users\/5"}],"replies":[{"embeddable":true,"href":"https:\/\/shalom.org.pl\/en\/wp-json\/wp\/v2\/comments?post=13365"}],"version-history":[{"count":6,"href":"https:\/\/shalom.org.pl\/en\/wp-json\/wp\/v2\/posts\/13365\/revisions"}],"predecessor-version":[{"id":13931,"href":"https:\/\/shalom.org.pl\/en\/wp-json\/wp\/v2\/posts\/13365\/revisions\/13931"}],"wp:attachment":[{"href":"https:\/\/shalom.org.pl\/en\/wp-json\/wp\/v2\/media?parent=13365"}],"wp:term":[{"taxonomy":"category","embeddable":true,"href":"https:\/\/shalom.org.pl\/en\/wp-json\/wp\/v2\/categories?post=13365"},{"taxonomy":"post_tag","embeddable":true,"href":"https:\/\/shalom.org.pl\/en\/wp-json\/wp\/v2\/tags?post=13365"}],"curies":[{"name":"wp","href":"https:\/\/api.w.org\/{rel}","templated":true}]}}