{"id":13361,"date":"2021-06-23T10:26:02","date_gmt":"2021-06-23T08:26:02","guid":{"rendered":"http:\/\/shalom.org.pl\/?p=13361"},"modified":"2021-07-15T00:32:09","modified_gmt":"2021-07-14T22:32:09","slug":"singer-jazz-festival-koncert-paul-brody-de-usa-polski-piach","status":"publish","type":"post","link":"https:\/\/shalom.org.pl\/en\/singer-jazz-festival-koncert-paul-brody-de-usa-polski-piach\/","title":{"rendered":"Singer Jazz Festival \u2013 koncert: PAUL BRODY |DE\/USA| &#038; POLSKI PIACH"},"content":{"rendered":"<h3><strong>Singer Jazz Festival \u2013 koncert: PAUL BRODY <\/strong>|DE\/USA| &amp; <strong>POLSKI PIACH<\/strong><\/h3>\n<p>Wyst\u0105pi\u0105: <strong>Paul Brody <\/strong>(tr\u0105bka) <strong>&amp;<\/strong> <strong>Polski Piach <\/strong>w sk\u0142adzie \u2013<strong> Patryk Zakrocki<\/strong> (gitara), <strong>Piotr Me\u0142ech<\/strong> (klarnet basowy), <strong>Piotr Domagalski<\/strong> (basetla)<\/p>\n<p>Paul Brody, \u015bwiatowej s\u0142awy ameryka\u0144ski tr\u0119bacz, kompozytor i aran\u017cer, na Festiwal Warszawa Singera przygotowa\u0142 trzy premierowe koncerty z polskimi zespo\u0142ami jazzowymi.<\/p>\n<table style=\"border-collapse: collapse; width: 70.303%;\">\n<tbody>\n<tr>\n<td style=\"width: 30.6061%;\">\n<p><div id=\"attachment_13546\" style=\"width: 239px\" class=\"wp-caption alignnone\"><img fetchpriority=\"high\" decoding=\"async\" aria-describedby=\"caption-attachment-13546\" class=\"wp-image-13546 \" src=\"http:\/\/shalom.org.pl\/wp-content\/uploads\/2021\/07\/paul-brody-fot-Dirk-Hasskarl_v2-1-300x290.jpg\" alt=\"\" width=\"229\" height=\"221\" srcset=\"https:\/\/shalom.org.pl\/wp-content\/uploads\/2021\/07\/paul-brody-fot-Dirk-Hasskarl_v2-1-300x290.jpg 300w, https:\/\/shalom.org.pl\/wp-content\/uploads\/2021\/07\/paul-brody-fot-Dirk-Hasskarl_v2-1-264x255.jpg 264w, https:\/\/shalom.org.pl\/wp-content\/uploads\/2021\/07\/paul-brody-fot-Dirk-Hasskarl_v2-1-350x338.jpg 350w, https:\/\/shalom.org.pl\/wp-content\/uploads\/2021\/07\/paul-brody-fot-Dirk-Hasskarl_v2-1.jpg 600w\" sizes=\"(max-width: 229px) 100vw, 229px\" \/><p id=\"caption-attachment-13546\" class=\"wp-caption-text\">Paul Brody, fot. Dirk Hasskarl<\/p><\/div><\/td>\n<td style=\"width: 39.6969%;\">\n<p><div id=\"attachment_13547\" style=\"width: 310px\" class=\"wp-caption alignnone\"><img decoding=\"async\" aria-describedby=\"caption-attachment-13547\" class=\"wp-image-13547 size-medium\" src=\"http:\/\/shalom.org.pl\/wp-content\/uploads\/2021\/07\/Polski-Piach-300x300.jpg\" alt=\"\" width=\"300\" height=\"300\" srcset=\"https:\/\/shalom.org.pl\/wp-content\/uploads\/2021\/07\/Polski-Piach-300x300.jpg 300w, https:\/\/shalom.org.pl\/wp-content\/uploads\/2021\/07\/Polski-Piach-768x767.jpg 768w, https:\/\/shalom.org.pl\/wp-content\/uploads\/2021\/07\/Polski-Piach-255x255.jpg 255w, https:\/\/shalom.org.pl\/wp-content\/uploads\/2021\/07\/Polski-Piach-350x350.jpg 350w, https:\/\/shalom.org.pl\/wp-content\/uploads\/2021\/07\/Polski-Piach.jpg 959w\" sizes=\"(max-width: 300px) 100vw, 300px\" \/><p id=\"caption-attachment-13547\" class=\"wp-caption-text\">Polski Piach<\/p><\/div><\/td>\n<\/tr>\n<\/tbody>\n<\/table>\n<p>Trzecim z nich (chronologicznie) jest Polski Piach. Zesp\u00f3\u0142 uruchomiony przez Patryka Zakrockiego \u2013 muzyka, improwizatora, kompozytora, artyst\u0119 d\u017awi\u0119kowego, zajmuj\u0105cego si\u0119 muzyk\u0105 kameraln\u0105, elektroakustyczn\u0105 i szeroko poj\u0119tym s\u0142uchowiskiem. Zakrocki dyryguje zespo\u0142ami improwizator\u00f3w oraz sam improwizuje i komponuje. Opublikowa\u0142 12 album\u00f3w p\u0142ytowych, w tym dwa solowe.<\/p>\n<p>Polski Piach, czerpie z tradycji pierwszego bluesa, pustynnego transu i rozwijaj\u0105cy w\u0142asny j\u0119zyk, kt\u00f3rego temperatura wynika z rodzimego krajobrazu, natury polskich rzek, zachmurzonego nieba. Muzycy wywodz\u0105 si\u0119 z warszawskiego \u015brodowiska improwizator\u00f3w, kr\u0119gu LADO ABC. Projekt Polski Piach bada pokrewie\u0144stwo i zasadno\u015b\u0107 upodobnie\u0144 mi\u0119dzy piachem delty Missisipi, Sahary i wi\u015blanych \u0142ach. Pierwsza p\u0142yta zespo\u0142u \u2013 \u201ePo\u0142udnie\u201d \u2013 ukaza\u0142a si\u0119 21 listopada 2020 r.<\/p>\n<hr>\n<p><span style=\"font-size: 10pt;\"><strong>Scena Letnia Teatru \u017bydowskiego,<\/strong><strong> ul. Senatorska 35<\/strong><\/span><\/p>\n<p><span style=\"font-size: 10pt;\">Bilety: 50 PLN \u2013 do nabycia na: www.ebilet.pl, www.teatr-zydowski.art.pl, w Biurze Organizacji Widowni tel. 22 526 20 34; 22 850 64 50 lub 51 oraz w kasach Teatru \u017bydowskiego, ul. Senatorska 35, tel. 22 850 64 35 lub w Klubie Dow\u00f3dztwa Garnizonu Warszawa, al. Niepodleg\u0142o\u015bci 141a, tel. 22 850 56 56 (szczeg\u00f3\u0142owe informacje na stronie www.shalom.org.pl); miejsca nie s\u0105 numerowane<\/span><\/p>\n<p>&nbsp;<\/p>\n","protected":false},"excerpt":{"rendered":"<p>Singer Jazz Festival \u2013 koncert: PAUL BRODY |DE\/USA| &amp; POLSKI PIACH Wyst\u0105pi\u0105: Paul Brody (tr\u0105bka) &amp; Polski Piach w sk\u0142adzie [&hellip;]<\/p>\n","protected":false},"author":5,"featured_media":0,"comment_status":"open","ping_status":"open","sticky":false,"template":"","format":"standard","meta":{"_acf_changed":false,"ngg_post_thumbnail":0,"footnotes":""},"categories":[53],"tags":[71],"class_list":["post-13361","post","type-post","status-publish","format-standard","hentry","category-program","tag-koncert"],"acf":[],"_links":{"self":[{"href":"https:\/\/shalom.org.pl\/en\/wp-json\/wp\/v2\/posts\/13361","targetHints":{"allow":["GET"]}}],"collection":[{"href":"https:\/\/shalom.org.pl\/en\/wp-json\/wp\/v2\/posts"}],"about":[{"href":"https:\/\/shalom.org.pl\/en\/wp-json\/wp\/v2\/types\/post"}],"author":[{"embeddable":true,"href":"https:\/\/shalom.org.pl\/en\/wp-json\/wp\/v2\/users\/5"}],"replies":[{"embeddable":true,"href":"https:\/\/shalom.org.pl\/en\/wp-json\/wp\/v2\/comments?post=13361"}],"version-history":[{"count":4,"href":"https:\/\/shalom.org.pl\/en\/wp-json\/wp\/v2\/posts\/13361\/revisions"}],"predecessor-version":[{"id":13659,"href":"https:\/\/shalom.org.pl\/en\/wp-json\/wp\/v2\/posts\/13361\/revisions\/13659"}],"wp:attachment":[{"href":"https:\/\/shalom.org.pl\/en\/wp-json\/wp\/v2\/media?parent=13361"}],"wp:term":[{"taxonomy":"category","embeddable":true,"href":"https:\/\/shalom.org.pl\/en\/wp-json\/wp\/v2\/categories?post=13361"},{"taxonomy":"post_tag","embeddable":true,"href":"https:\/\/shalom.org.pl\/en\/wp-json\/wp\/v2\/tags?post=13361"}],"curies":[{"name":"wp","href":"https:\/\/api.w.org\/{rel}","templated":true}]}}