{"id":13359,"date":"2021-06-23T10:24:14","date_gmt":"2021-06-23T08:24:14","guid":{"rendered":"http:\/\/shalom.org.pl\/?p=13359"},"modified":"2021-08-08T21:06:44","modified_gmt":"2021-08-08T19:06:44","slug":"spotkanie-autorskie-z-dr-piotrem-rypsonem-kuratorem-wystawy-gdzie-jestes-rdz-39","status":"publish","type":"post","link":"https:\/\/shalom.org.pl\/en\/spotkanie-autorskie-z-dr-piotrem-rypsonem-kuratorem-wystawy-gdzie-jestes-rdz-39\/","title":{"rendered":"Spotkanie autorskie z dr. Piotrem Rypsonem \u2013 kuratorem wystawy \u201eGdzie jeste\u015b? Rdz 3,9\u201d"},"content":{"rendered":"<h3><strong>Spotkanie autorskie z dr. Piotrem Rypsonem \u2013 kuratorem wystawy \u201eGdzie jeste\u015b? Rdz 3,9\u201d<\/strong><\/h3>\n<p>16 listopada 1940 roku zamkni\u0119to getto warszawskie. Dok\u0142adnie 80 lat temu miasto zosta\u0142o podzielone murem na dwie cz\u0119\u015bci. Uwi\u0119zionych w getcie \u017byd\u00f3w odgrodzono od informacji, bliskich os\u00f3b, od zieleni, drzew czy widoku nieba po horyzont. Wystawa \u201eGdzie jeste\u015b? Rdz 3,9\u201d w symboliczny spos\u00f3b odnosi si\u0119 do tego momentu.<\/p>\n<p>Po spotkaniu zapraszamy do odwiedzenia wystawy.<\/p>\n<p><img fetchpriority=\"high\" decoding=\"async\" class=\"alignnone wp-image-14054 size-full\" src=\"http:\/\/shalom.org.pl\/wp-content\/uploads\/2021\/06\/baner_gdziejestes-021.png\" alt=\"\" width=\"631\" height=\"251\" srcset=\"https:\/\/shalom.org.pl\/wp-content\/uploads\/2021\/06\/baner_gdziejestes-021.png 631w, https:\/\/shalom.org.pl\/wp-content\/uploads\/2021\/06\/baner_gdziejestes-021-300x119.png 300w, https:\/\/shalom.org.pl\/wp-content\/uploads\/2021\/06\/baner_gdziejestes-021-498x198.png 498w, https:\/\/shalom.org.pl\/wp-content\/uploads\/2021\/06\/baner_gdziejestes-021-350x139.png 350w\" sizes=\"(max-width: 631px) 100vw, 631px\" \/><\/p>\n<hr>\n<p><span style=\"font-size: 10pt;\"><strong>\u017bydowski Instytut Historyczny, ul. T\u0142omackie 3\/5<\/strong><\/span><\/p>\n<p><span style=\"font-size: 10pt;\"><strong>Za<\/strong><strong>pisy:<\/strong> zapisy mailowe przyjmujemy pod adresem <a href=\"mailto:rezerwacja@jhi.pl\"><strong>r<\/strong>ezerwacja@jhi.pl<\/a>.<\/span><\/p>\n<p><span style=\"font-size: 10pt;\">W tytule prosimy wpisywa\u0107 \u201eWystawa 29 sierpnia\u201d. Gwarancj\u0105 udzia\u0142u jest otrzymanie maila zwrotnego z potwierdzeniem. W formularzu prosimy o podanie numeru telefonu, kt\u00f3ry u\u0142atwi nam kontakt z Pa\u0144stwem.<\/span><\/p>\n<hr>\n<p><span style=\"font-size: 10pt;\"><em>Wydarzenie towarzysz\u0105ce zorganizowane przez \u017bydowski Instytut Historyczny<\/em><\/span><\/p>\n","protected":false},"excerpt":{"rendered":"<p>Spotkanie autorskie z dr. Piotrem Rypsonem \u2013 kuratorem wystawy \u201eGdzie jeste\u015b? Rdz 3,9\u201d 16 listopada 1940 roku zamkni\u0119to getto warszawskie. [&hellip;]<\/p>\n","protected":false},"author":5,"featured_media":0,"comment_status":"open","ping_status":"open","sticky":false,"template":"","format":"standard","meta":{"_acf_changed":false,"ngg_post_thumbnail":0,"footnotes":""},"categories":[53],"tags":[75,85],"class_list":["post-13359","post","type-post","status-publish","format-standard","hentry","category-program","tag-spotkanie","tag-wystawa"],"acf":[],"_links":{"self":[{"href":"https:\/\/shalom.org.pl\/en\/wp-json\/wp\/v2\/posts\/13359","targetHints":{"allow":["GET"]}}],"collection":[{"href":"https:\/\/shalom.org.pl\/en\/wp-json\/wp\/v2\/posts"}],"about":[{"href":"https:\/\/shalom.org.pl\/en\/wp-json\/wp\/v2\/types\/post"}],"author":[{"embeddable":true,"href":"https:\/\/shalom.org.pl\/en\/wp-json\/wp\/v2\/users\/5"}],"replies":[{"embeddable":true,"href":"https:\/\/shalom.org.pl\/en\/wp-json\/wp\/v2\/comments?post=13359"}],"version-history":[{"count":7,"href":"https:\/\/shalom.org.pl\/en\/wp-json\/wp\/v2\/posts\/13359\/revisions"}],"predecessor-version":[{"id":14048,"href":"https:\/\/shalom.org.pl\/en\/wp-json\/wp\/v2\/posts\/13359\/revisions\/14048"}],"wp:attachment":[{"href":"https:\/\/shalom.org.pl\/en\/wp-json\/wp\/v2\/media?parent=13359"}],"wp:term":[{"taxonomy":"category","embeddable":true,"href":"https:\/\/shalom.org.pl\/en\/wp-json\/wp\/v2\/categories?post=13359"},{"taxonomy":"post_tag","embeddable":true,"href":"https:\/\/shalom.org.pl\/en\/wp-json\/wp\/v2\/tags?post=13359"}],"curies":[{"name":"wp","href":"https:\/\/api.w.org\/{rel}","templated":true}]}}