{"id":13352,"date":"2021-06-23T10:17:17","date_gmt":"2021-06-23T08:17:17","guid":{"rendered":"http:\/\/shalom.org.pl\/?p=13352"},"modified":"2021-07-18T00:09:23","modified_gmt":"2021-07-17T22:09:23","slug":"warsztaty-piosenki-zydowskiej-prowadzenie-teresa-wronska-2","status":"publish","type":"post","link":"https:\/\/shalom.org.pl\/en\/warsztaty-piosenki-zydowskiej-prowadzenie-teresa-wronska-2\/","title":{"rendered":"Warsztaty piosenki \u017cydowskiej \u2013 prowadzenie: Teresa Wro\u0144ska"},"content":{"rendered":"<h3><strong>Warsztaty piosenki \u017cydowskiej \u2013 <\/strong>prowadzenie:<strong> Teresa Wro\u0144ska<\/strong><\/h3>\n<p>&nbsp;<\/p>\n<hr>\n<p><span style=\"font-size: 10pt;\"><strong>Austriackie Forum Kultury<\/strong><strong>, ul. Pr\u00f3\u017cna 7\/9<\/strong><\/span><\/p>\n<p><span style=\"font-size: 10pt;\">Wst\u0119p po potwierdzeniu obecno\u015bci od 3 sierpnia na: <a href=\"mailto:warschau-kf@bmeia.gv.at\">warschau-kf@bmeia.gv.at<\/a><strong>; <\/strong>miejsca nie s\u0105 numerowane<\/span><\/p>\n<p><span style=\"font-size: 10pt;\">Wydarzenie transmitowane on-line \u2013 szczeg\u00f3\u0142y na: www.festiwalsingera.pl<\/span><\/p>\n<hr>\n<p><span style=\"font-size: 10pt;\"><em>Impreza towarzysz\u0105ca<\/em><\/span><\/p>\n<p><span style=\"font-size: 10pt;\"><em>Dofinansowano ze \u015brodk\u00f3w Ministra Spraw Wewn\u0119trznych i Administracji<\/em><\/span><\/p>\n","protected":false},"excerpt":{"rendered":"<p>Warsztaty piosenki \u017cydowskiej \u2013 prowadzenie: Teresa Wro\u0144ska &nbsp; Austriackie Forum Kultury, ul. Pr\u00f3\u017cna 7\/9 Wst\u0119p po potwierdzeniu obecno\u015bci od 3 [&hellip;]<\/p>\n","protected":false},"author":5,"featured_media":0,"comment_status":"open","ping_status":"open","sticky":false,"template":"","format":"standard","meta":{"_acf_changed":false,"ngg_post_thumbnail":0,"footnotes":""},"categories":[53],"tags":[89],"class_list":["post-13352","post","type-post","status-publish","format-standard","hentry","category-program","tag-warsztaty"],"acf":[],"_links":{"self":[{"href":"https:\/\/shalom.org.pl\/en\/wp-json\/wp\/v2\/posts\/13352","targetHints":{"allow":["GET"]}}],"collection":[{"href":"https:\/\/shalom.org.pl\/en\/wp-json\/wp\/v2\/posts"}],"about":[{"href":"https:\/\/shalom.org.pl\/en\/wp-json\/wp\/v2\/types\/post"}],"author":[{"embeddable":true,"href":"https:\/\/shalom.org.pl\/en\/wp-json\/wp\/v2\/users\/5"}],"replies":[{"embeddable":true,"href":"https:\/\/shalom.org.pl\/en\/wp-json\/wp\/v2\/comments?post=13352"}],"version-history":[{"count":2,"href":"https:\/\/shalom.org.pl\/en\/wp-json\/wp\/v2\/posts\/13352\/revisions"}],"predecessor-version":[{"id":13796,"href":"https:\/\/shalom.org.pl\/en\/wp-json\/wp\/v2\/posts\/13352\/revisions\/13796"}],"wp:attachment":[{"href":"https:\/\/shalom.org.pl\/en\/wp-json\/wp\/v2\/media?parent=13352"}],"wp:term":[{"taxonomy":"category","embeddable":true,"href":"https:\/\/shalom.org.pl\/en\/wp-json\/wp\/v2\/categories?post=13352"},{"taxonomy":"post_tag","embeddable":true,"href":"https:\/\/shalom.org.pl\/en\/wp-json\/wp\/v2\/tags?post=13352"}],"curies":[{"name":"wp","href":"https:\/\/api.w.org\/{rel}","templated":true}]}}