{"id":13349,"date":"2021-06-23T10:12:07","date_gmt":"2021-06-23T08:12:07","guid":{"rendered":"http:\/\/shalom.org.pl\/?p=13349"},"modified":"2021-07-20T23:02:39","modified_gmt":"2021-07-20T21:02:39","slug":"koncert-genady-iskhakova-piosenki-zydowskie","status":"publish","type":"post","link":"https:\/\/shalom.org.pl\/en\/koncert-genady-iskhakova-piosenki-zydowskie\/","title":{"rendered":"Recital Genady&#8217;ego Iskhakova: \u201ePiosenki \u017cydowskie\u201d"},"content":{"rendered":"<h3>Recital Genady&#8217;ego Iskhakova: \u201ePiosenki \u017cydowskie\u201d<\/h3>\n<table style=\"border-collapse: collapse; width: 100%;\">\n<tbody>\n<tr>\n<td style=\"width: 39.3333%;\">\n<p><div id=\"attachment_11164\" style=\"width: 310px\" class=\"wp-caption alignnone\"><img fetchpriority=\"high\" decoding=\"async\" aria-describedby=\"caption-attachment-11164\" class=\"wp-image-11164\" src=\"http:\/\/shalom.org.pl\/wp-content\/uploads\/2020\/07\/genadyiskhakovfotmikolajstarzynski_0-200x300.jpg\" alt=\"\" width=\"300\" height=\"450\" srcset=\"https:\/\/shalom.org.pl\/wp-content\/uploads\/2020\/07\/genadyiskhakovfotmikolajstarzynski_0-200x300.jpg 200w, https:\/\/shalom.org.pl\/wp-content\/uploads\/2020\/07\/genadyiskhakovfotmikolajstarzynski_0-170x255.jpg 170w, https:\/\/shalom.org.pl\/wp-content\/uploads\/2020\/07\/genadyiskhakovfotmikolajstarzynski_0.jpg 340w\" sizes=\"(max-width: 300px) 100vw, 300px\" \/><p id=\"caption-attachment-11164\" class=\"wp-caption-text\">Fot. Miko\u0142aj Starzy\u0144ski<\/p><\/div><\/td>\n<td style=\"width: 60.6667%;\">\n<p class=\"title\"><span style=\"font-size: 10pt;\"><strong>Genady Iskhakov <\/strong>u<span style=\"font-family: inherit;\">ko\u0144czy\u0142 Akademi\u0119 Muzyczn\u0105 w Taszkiencie (Wydzia\u0142 Wokalny z uprawnieniami pedagogicznymi w zakresie emisji g\u0142osu). By\u0142 solist\u0105 w Filharmonii Wile\u0144skiej (1968-1974) i w Moskiewskiej Orkiestrze Estradowej Anatolija Krolla. W Moskwie nagra\u0142 swoje pierwsze p\u0142yty. Od 1990 roku przez wiele lat mieszka\u0142 i koncertowa\u0142 w Izraelu, m.in. w za\u0142o\u017conym prze siebie zespole \u201eFox Tango\u201d. Odby\u0142 dwumiesi\u0119czne tourn\u00e9e po Stanach Zjednoczonych. W Polsce mieszka i pracuje od 2004 roku. Nagra\u0142 kilka p\u0142yt: \u201ePie\u015bni i Romanse Rosyjskie\u201d, \u201eNajpi\u0119kniejsze piosenki rosyjskie\u201d, \u201ePiosenki \u017bydowskie. Czumbalalajka\u201d, \u201eThe Most Beautiful Italian Song\u201d, \u201ePrzeboje lata\u201d.<\/span><\/span><\/p>\n<\/td>\n<\/tr>\n<\/tbody>\n<\/table>\n<hr>\n<p><span style=\"font-size: 10pt;\"><strong>Scena Letnia Teatru \u017bydowskiego,<\/strong><strong> ul. Senatorska 35<\/strong><\/span><\/p>\n<p><span style=\"font-size: 10pt;\">Wst\u0119p po potwierdzeniu obecno\u015bci od 3 do 19 sierpnia w Biurze Festiwalowym \u2013 ul. Senatorska 35, tel. 578&nbsp;550&nbsp;797, 576&nbsp;044&nbsp;547; miejsca nie s\u0105 numerowane<\/span><\/p>\n<p>&nbsp;<\/p>\n","protected":false},"excerpt":{"rendered":"<p>Recital Genady&#8217;ego Iskhakova: \u201ePiosenki \u017cydowskie\u201d Genady Iskhakov uko\u0144czy\u0142 Akademi\u0119 Muzyczn\u0105 w Taszkiencie (Wydzia\u0142 Wokalny z uprawnieniami pedagogicznymi w zakresie emisji [&hellip;]<\/p>\n","protected":false},"author":5,"featured_media":0,"comment_status":"open","ping_status":"open","sticky":false,"template":"","format":"standard","meta":{"_acf_changed":false,"ngg_post_thumbnail":0,"footnotes":""},"categories":[53],"tags":[71],"class_list":["post-13349","post","type-post","status-publish","format-standard","hentry","category-program","tag-koncert"],"acf":[],"_links":{"self":[{"href":"https:\/\/shalom.org.pl\/en\/wp-json\/wp\/v2\/posts\/13349","targetHints":{"allow":["GET"]}}],"collection":[{"href":"https:\/\/shalom.org.pl\/en\/wp-json\/wp\/v2\/posts"}],"about":[{"href":"https:\/\/shalom.org.pl\/en\/wp-json\/wp\/v2\/types\/post"}],"author":[{"embeddable":true,"href":"https:\/\/shalom.org.pl\/en\/wp-json\/wp\/v2\/users\/5"}],"replies":[{"embeddable":true,"href":"https:\/\/shalom.org.pl\/en\/wp-json\/wp\/v2\/comments?post=13349"}],"version-history":[{"count":5,"href":"https:\/\/shalom.org.pl\/en\/wp-json\/wp\/v2\/posts\/13349\/revisions"}],"predecessor-version":[{"id":13924,"href":"https:\/\/shalom.org.pl\/en\/wp-json\/wp\/v2\/posts\/13349\/revisions\/13924"}],"wp:attachment":[{"href":"https:\/\/shalom.org.pl\/en\/wp-json\/wp\/v2\/media?parent=13349"}],"wp:term":[{"taxonomy":"category","embeddable":true,"href":"https:\/\/shalom.org.pl\/en\/wp-json\/wp\/v2\/categories?post=13349"},{"taxonomy":"post_tag","embeddable":true,"href":"https:\/\/shalom.org.pl\/en\/wp-json\/wp\/v2\/tags?post=13349"}],"curies":[{"name":"wp","href":"https:\/\/api.w.org\/{rel}","templated":true}]}}