{"id":13341,"date":"2021-06-23T06:07:22","date_gmt":"2021-06-23T04:07:22","guid":{"rendered":"http:\/\/shalom.org.pl\/?p=13341"},"modified":"2021-07-18T00:00:03","modified_gmt":"2021-07-17T22:00:03","slug":"koncert-yiddish-tango-olga-avigail-pl-il-tango-attack-pl","status":"publish","type":"post","link":"https:\/\/shalom.org.pl\/en\/koncert-yiddish-tango-olga-avigail-pl-il-tango-attack-pl\/","title":{"rendered":"Koncert: \u201eYIDDISH TANGO\u201d | OLGA AVIGAIL |PL\/IL|&#038; TANGO ATTACK |PL|"},"content":{"rendered":"<h3><strong>Koncert: \u201eYIDDISH TANGO\u201d | <\/strong><strong>OLGA AVIGAIL <\/strong>|PL\/IL|<strong>&amp; TANGO ATTACK <\/strong>|PL|<\/h3>\n<p>&nbsp;<\/p>\n<p>Wyst\u0105pi\u0105:<strong> Olga Avigail <\/strong>(\u015bpiew) oraz <strong>Tango Attack <\/strong>w sk\u0142adzie:<strong> Hadrian Tab\u0119cki <\/strong>(pianino, aran\u017cacje), <strong>Grzegorz Bo\u017cewicz <\/strong>(bandoneon),<strong> Piotr Malicki<\/strong> (gitara)<\/p>\n<p>&nbsp;<\/p>\n<hr>\n<p><span style=\"font-size: 10pt;\"><strong>Muzeum Warszawskiej Pragi, ul. Targowa 50\/52<\/strong><\/span><\/p>\n<p><span style=\"font-size: 10pt;\">Wst\u0119p: 5 z\u0142\/os., bilety do kupienia w kasie Muzeum lub on-line na stronie muzeumpragi.pl<\/span><\/p>\n<hr>\n<p><span style=\"font-size: 10pt;\"><em>Wydarzenie towarzysz\u0105ce zorganizowane przez Muzeum Warszawskiej Pragi<\/em><\/span><\/p>\n","protected":false},"excerpt":{"rendered":"<p>Koncert: \u201eYIDDISH TANGO\u201d | OLGA AVIGAIL |PL\/IL|&amp; TANGO ATTACK |PL| &nbsp; Wyst\u0105pi\u0105: Olga Avigail (\u015bpiew) oraz Tango Attack w sk\u0142adzie: [&hellip;]<\/p>\n","protected":false},"author":5,"featured_media":0,"comment_status":"open","ping_status":"open","sticky":false,"template":"","format":"standard","meta":{"_acf_changed":false,"ngg_post_thumbnail":0,"footnotes":""},"categories":[53],"tags":[71],"class_list":["post-13341","post","type-post","status-publish","format-standard","hentry","category-program","tag-koncert"],"acf":[],"_links":{"self":[{"href":"https:\/\/shalom.org.pl\/en\/wp-json\/wp\/v2\/posts\/13341","targetHints":{"allow":["GET"]}}],"collection":[{"href":"https:\/\/shalom.org.pl\/en\/wp-json\/wp\/v2\/posts"}],"about":[{"href":"https:\/\/shalom.org.pl\/en\/wp-json\/wp\/v2\/types\/post"}],"author":[{"embeddable":true,"href":"https:\/\/shalom.org.pl\/en\/wp-json\/wp\/v2\/users\/5"}],"replies":[{"embeddable":true,"href":"https:\/\/shalom.org.pl\/en\/wp-json\/wp\/v2\/comments?post=13341"}],"version-history":[{"count":2,"href":"https:\/\/shalom.org.pl\/en\/wp-json\/wp\/v2\/posts\/13341\/revisions"}],"predecessor-version":[{"id":13792,"href":"https:\/\/shalom.org.pl\/en\/wp-json\/wp\/v2\/posts\/13341\/revisions\/13792"}],"wp:attachment":[{"href":"https:\/\/shalom.org.pl\/en\/wp-json\/wp\/v2\/media?parent=13341"}],"wp:term":[{"taxonomy":"category","embeddable":true,"href":"https:\/\/shalom.org.pl\/en\/wp-json\/wp\/v2\/categories?post=13341"},{"taxonomy":"post_tag","embeddable":true,"href":"https:\/\/shalom.org.pl\/en\/wp-json\/wp\/v2\/tags?post=13341"}],"curies":[{"name":"wp","href":"https:\/\/api.w.org\/{rel}","templated":true}]}}