{"id":13339,"date":"2021-06-23T06:05:12","date_gmt":"2021-06-23T04:05:12","guid":{"rendered":"http:\/\/shalom.org.pl\/?p=13339"},"modified":"2021-07-15T00:32:52","modified_gmt":"2021-07-14T22:32:52","slug":"singer-jazz-festival-koncert-paul-brody-de-usa-piotr-lemanczyk-electric-trio-pl","status":"publish","type":"post","link":"https:\/\/shalom.org.pl\/en\/singer-jazz-festival-koncert-paul-brody-de-usa-piotr-lemanczyk-electric-trio-pl\/","title":{"rendered":"Singer Jazz Festival \u2013 koncert: PAUL BRODY |DE\/USA| &#038; PIOTR LEMA\u0143CZYK ELECTRIC TRIO |PL|"},"content":{"rendered":"<h3><strong>Singer Jazz Festival \u2013 koncert: PAUL BRODY <\/strong>|DE\/USA| <strong>&amp;<\/strong> <strong>PIOTR LEMA\u0143CZYK ELECTRIC TRIO <\/strong>|PL|<\/h3>\n<p>Wyst\u0105pi\u0105: <strong>Paul Brody <\/strong>(tr\u0105bka), <strong>Piotr Lema\u0144czyk Electric Trio <\/strong>w sk\u0142adzie \u2013 <strong>Piotr Lema\u0144czyk <\/strong>(gitara basowa),<strong> Marcin W\u0105do\u0142owski <\/strong>(gitara elektryczna),<strong> Adam Golicki <\/strong>(perkusja)<\/p>\n<p>Paul Brody, \u015bwiatowej s\u0142awy ameryka\u0144ski tr\u0119bacz, kompozytor i aran\u017cer, na Festiwal Warszawa Singera przygotowa\u0142 trzy premierowe koncerty z polskimi zespo\u0142ami jazzowymi.<\/p>\n<table style=\"border-collapse: collapse; width: 65.2121%;\">\n<tbody>\n<tr>\n<td style=\"width: 29.8788%;\">\n<p><div id=\"attachment_13542\" style=\"width: 220px\" class=\"wp-caption alignnone\"><img decoding=\"async\" aria-describedby=\"caption-attachment-13542\" class=\"wp-image-13542\" src=\"http:\/\/shalom.org.pl\/wp-content\/uploads\/2021\/07\/paul-brody-fot-Dirk-Hasskarl_v2-300x290.jpg\" alt=\"\" width=\"210\" height=\"203\" srcset=\"https:\/\/shalom.org.pl\/wp-content\/uploads\/2021\/07\/paul-brody-fot-Dirk-Hasskarl_v2-300x290.jpg 300w, https:\/\/shalom.org.pl\/wp-content\/uploads\/2021\/07\/paul-brody-fot-Dirk-Hasskarl_v2-264x255.jpg 264w, https:\/\/shalom.org.pl\/wp-content\/uploads\/2021\/07\/paul-brody-fot-Dirk-Hasskarl_v2-350x338.jpg 350w, https:\/\/shalom.org.pl\/wp-content\/uploads\/2021\/07\/paul-brody-fot-Dirk-Hasskarl_v2.jpg 600w\" sizes=\"(max-width: 210px) 100vw, 210px\" \/><p id=\"caption-attachment-13542\" class=\"wp-caption-text\">Paul Brody, fot. Dirk Hasskarl<\/p><\/div><\/td>\n<td style=\"width: 35.3333%;\">\n<p><div id=\"attachment_13548\" style=\"width: 222px\" class=\"wp-caption alignnone\"><img decoding=\"async\" aria-describedby=\"caption-attachment-13548\" class=\"wp-image-13548\" src=\"http:\/\/shalom.org.pl\/wp-content\/uploads\/2021\/07\/piotr-lemanczyk-300x300.jpg\" alt=\"\" width=\"212\" height=\"212\" srcset=\"https:\/\/shalom.org.pl\/wp-content\/uploads\/2021\/07\/piotr-lemanczyk-300x300.jpg 300w, https:\/\/shalom.org.pl\/wp-content\/uploads\/2021\/07\/piotr-lemanczyk-768x768.jpg 768w, https:\/\/shalom.org.pl\/wp-content\/uploads\/2021\/07\/piotr-lemanczyk-1024x1024.jpg 1024w, https:\/\/shalom.org.pl\/wp-content\/uploads\/2021\/07\/piotr-lemanczyk-255x255.jpg 255w, https:\/\/shalom.org.pl\/wp-content\/uploads\/2021\/07\/piotr-lemanczyk-350x350.jpg 350w\" sizes=\"(max-width: 212px) 100vw, 212px\" \/><p id=\"caption-attachment-13548\" class=\"wp-caption-text\">Piotr Lema\u0144czyk<\/p><\/div><\/td>\n<\/tr>\n<tr>\n<td style=\"width: 29.8788%;\">\n<p><div id=\"attachment_13549\" style=\"width: 310px\" class=\"wp-caption alignnone\"><img fetchpriority=\"high\" decoding=\"async\" aria-describedby=\"caption-attachment-13549\" class=\"wp-image-13549 size-medium\" src=\"http:\/\/shalom.org.pl\/wp-content\/uploads\/2021\/07\/golicki-713143-300x200.jpg\" alt=\"\" width=\"300\" height=\"200\" srcset=\"https:\/\/shalom.org.pl\/wp-content\/uploads\/2021\/07\/golicki-713143-300x200.jpg 300w, https:\/\/shalom.org.pl\/wp-content\/uploads\/2021\/07\/golicki-713143-768x512.jpg 768w, https:\/\/shalom.org.pl\/wp-content\/uploads\/2021\/07\/golicki-713143-1024x683.jpg 1024w, https:\/\/shalom.org.pl\/wp-content\/uploads\/2021\/07\/golicki-713143-383x255.jpg 383w, https:\/\/shalom.org.pl\/wp-content\/uploads\/2021\/07\/golicki-713143-350x233.jpg 350w, https:\/\/shalom.org.pl\/wp-content\/uploads\/2021\/07\/golicki-713143.jpg 1200w\" sizes=\"(max-width: 300px) 100vw, 300px\" \/><p id=\"caption-attachment-13549\" class=\"wp-caption-text\">Adam Golicki<\/p><\/div><\/td>\n<td style=\"width: 35.3333%;\">\n<p><div id=\"attachment_13550\" style=\"width: 210px\" class=\"wp-caption alignnone\"><img loading=\"lazy\" decoding=\"async\" aria-describedby=\"caption-attachment-13550\" class=\"wp-image-13550 size-medium\" src=\"http:\/\/shalom.org.pl\/wp-content\/uploads\/2021\/07\/marcin-wadolowski-200x300.jpg\" alt=\"\" width=\"200\" height=\"300\" srcset=\"https:\/\/shalom.org.pl\/wp-content\/uploads\/2021\/07\/marcin-wadolowski-200x300.jpg 200w, https:\/\/shalom.org.pl\/wp-content\/uploads\/2021\/07\/marcin-wadolowski-768x1152.jpg 768w, https:\/\/shalom.org.pl\/wp-content\/uploads\/2021\/07\/marcin-wadolowski-683x1024.jpg 683w, https:\/\/shalom.org.pl\/wp-content\/uploads\/2021\/07\/marcin-wadolowski-170x255.jpg 170w, https:\/\/shalom.org.pl\/wp-content\/uploads\/2021\/07\/marcin-wadolowski-350x525.jpg 350w\" sizes=\"(max-width: 200px) 100vw, 200px\" \/><p id=\"caption-attachment-13550\" class=\"wp-caption-text\">Marcin W\u0105do\u0142owski<\/p><\/div><\/td>\n<\/tr>\n<\/tbody>\n<\/table>\n<p>Drugi z nich (chronologicznie) to projekt, w kt\u00f3rym Piotr Lema\u0144czyk , po ponad dziesi\u0119cioletniej przerwie, powraca do gitary basowej. Zainspirowany sze\u015bciostrunowym elektrycznym basem, skomponowa\u0142 muzyk\u0119, kt\u00f3ra sta\u0142a si\u0119 dope\u0142nieniem jego wcze\u015bniejszej dzia\u0142alno\u015bci. Eksploruj\u0105c brzmienia \u201enieakustycznych\u201d instrument\u00f3w, uzupe\u0142nia i znacznie poszerza mo\u017cliwo\u015bci artystycznej wypowiedzi. \u201eUwielbiam wiele gatunk\u00f3w muzycznych, ale nie chc\u0119 zamyka\u0107 si\u0119 w \u017cadnym z nich\u201d \u2013 podkre\u015bla lider. Projekt brzmieniowo odwo\u0142uje si\u0119 do najwybitniejszych tw\u00f3rc\u00f3w tego gatunku. S\u0142ycha\u0107 tu echa Allana Holdswordha, \u201eBitches Brew\u201d Milesa Davisa, Chick Corea Electric Band, czy nawi\u0105zanie do tw\u00f3rczo\u015bci najwybitniejszych polskich kompozytor\u00f3w XX w. Szlachetna harmonia, kultura d\u017awi\u0119ku i ca\u0142a gama nastroj\u00f3w daj\u0105 muzyce bardzo indywidualny rys i stanowi\u0105 o wyj\u0105tkowo\u015bci tej muzyki.<\/p>\n<hr>\n<p><span style=\"font-size: 10pt;\"><strong>Hard Rock Cafe, ul. Z\u0142ota 59, Z\u0142ote Tarasy<\/strong><\/span><\/p>\n<p><span style=\"font-size: 10pt;\">Bilety do kupienia w sklepie Hard Rock Cafe w cenie 20 PLN, miejsca nie s\u0105 numerowane<\/span><\/p>\n","protected":false},"excerpt":{"rendered":"<p>Singer Jazz Festival \u2013 koncert: PAUL BRODY |DE\/USA| &amp; PIOTR LEMA\u0143CZYK ELECTRIC TRIO |PL| Wyst\u0105pi\u0105: Paul Brody (tr\u0105bka), Piotr Lema\u0144czyk [&hellip;]<\/p>\n","protected":false},"author":5,"featured_media":0,"comment_status":"open","ping_status":"open","sticky":false,"template":"","format":"standard","meta":{"_acf_changed":false,"ngg_post_thumbnail":0,"footnotes":""},"categories":[53],"tags":[71],"class_list":["post-13339","post","type-post","status-publish","format-standard","hentry","category-program","tag-koncert"],"acf":[],"_links":{"self":[{"href":"https:\/\/shalom.org.pl\/en\/wp-json\/wp\/v2\/posts\/13339","targetHints":{"allow":["GET"]}}],"collection":[{"href":"https:\/\/shalom.org.pl\/en\/wp-json\/wp\/v2\/posts"}],"about":[{"href":"https:\/\/shalom.org.pl\/en\/wp-json\/wp\/v2\/types\/post"}],"author":[{"embeddable":true,"href":"https:\/\/shalom.org.pl\/en\/wp-json\/wp\/v2\/users\/5"}],"replies":[{"embeddable":true,"href":"https:\/\/shalom.org.pl\/en\/wp-json\/wp\/v2\/comments?post=13339"}],"version-history":[{"count":4,"href":"https:\/\/shalom.org.pl\/en\/wp-json\/wp\/v2\/posts\/13339\/revisions"}],"predecessor-version":[{"id":13660,"href":"https:\/\/shalom.org.pl\/en\/wp-json\/wp\/v2\/posts\/13339\/revisions\/13660"}],"wp:attachment":[{"href":"https:\/\/shalom.org.pl\/en\/wp-json\/wp\/v2\/media?parent=13339"}],"wp:term":[{"taxonomy":"category","embeddable":true,"href":"https:\/\/shalom.org.pl\/en\/wp-json\/wp\/v2\/categories?post=13339"},{"taxonomy":"post_tag","embeddable":true,"href":"https:\/\/shalom.org.pl\/en\/wp-json\/wp\/v2\/tags?post=13339"}],"curies":[{"name":"wp","href":"https:\/\/api.w.org\/{rel}","templated":true}]}}