{"id":13319,"date":"2021-06-22T23:35:07","date_gmt":"2021-06-22T21:35:07","guid":{"rendered":"http:\/\/shalom.org.pl\/?p=13319"},"modified":"2021-08-28T00:52:04","modified_gmt":"2021-08-27T22:52:04","slug":"zydowski-salon-literacki-spotkanie-singerowskie-gdzie-pan-jest-panie-singer","status":"publish","type":"post","link":"https:\/\/shalom.org.pl\/en\/zydowski-salon-literacki-spotkanie-singerowskie-gdzie-pan-jest-panie-singer\/","title":{"rendered":"\u017bydowski Salon Literacki \u2013 Spotkanie Singerowskie: \u201eGdzie pan jest, panie Singer?\u201d \u2013 spotkanie po\u015bwi\u0119cone I.B. Singerowi, patronowi Festiwalu, w 30. rocznic\u0119 \u015bmierci Noblisty"},"content":{"rendered":"<h3><strong>\u017bydowski Salon Literacki \u2013 Spotkanie Singerowskie: \u201eGdzie pan jest, panie Singer?\u201d \u2013 spotkanie po\u015bwi\u0119cone I.B. Singerowi, patronowi Festiwalu, w 30. rocznic\u0119 \u015bmierci Noblisty<\/strong><\/h3>\n<p>Udzia\u0142 wezm\u0105:<strong> prof. Monika Adamczyk-Garbowska, <\/strong><strong>Agata Tuszy\u0144ska <\/strong>oraz on-line <strong>Meirav Hen<\/strong>, wnuczka I.B. Singera<\/p>\n<p>Prowadzenie:<strong> Remigiusz Grzela<\/strong><\/p>\n<hr>\n<p><span style=\"font-size: 10pt;\"><strong>Austriackie Forum Kultury<\/strong><strong>, ul. Pr\u00f3\u017cna 7\/9<\/strong><\/span><\/p>\n<p><span style=\"font-size: 10pt;\">Wst\u0119p po potwierdzeniu obecno\u015bci od 3 sierpnia na: <a href=\"mailto:warschau-kf@bmeia.gv.at\">warschau-kf@bmeia.gv.at<\/a><strong>; <\/strong>miejsca nie s\u0105 numerowane<\/span><\/p>\n<p><span style=\"font-size: 10pt;\">Wydarzenie transmitowane on-line na profilach Austriackiego Forum Kultury i Festiwalu Warszawa Singera na Facebooku<\/span><\/p>\n","protected":false},"excerpt":{"rendered":"<p>\u017bydowski Salon Literacki \u2013 Spotkanie Singerowskie: \u201eGdzie pan jest, panie Singer?\u201d \u2013 spotkanie po\u015bwi\u0119cone I.B. Singerowi, patronowi Festiwalu, w 30. [&hellip;]<\/p>\n","protected":false},"author":5,"featured_media":0,"comment_status":"open","ping_status":"open","sticky":false,"template":"","format":"standard","meta":{"_acf_changed":false,"ngg_post_thumbnail":0,"footnotes":""},"categories":[53],"tags":[73],"class_list":["post-13319","post","type-post","status-publish","format-standard","hentry","category-program","tag-salon-literacki"],"acf":[],"_links":{"self":[{"href":"https:\/\/shalom.org.pl\/en\/wp-json\/wp\/v2\/posts\/13319","targetHints":{"allow":["GET"]}}],"collection":[{"href":"https:\/\/shalom.org.pl\/en\/wp-json\/wp\/v2\/posts"}],"about":[{"href":"https:\/\/shalom.org.pl\/en\/wp-json\/wp\/v2\/types\/post"}],"author":[{"embeddable":true,"href":"https:\/\/shalom.org.pl\/en\/wp-json\/wp\/v2\/users\/5"}],"replies":[{"embeddable":true,"href":"https:\/\/shalom.org.pl\/en\/wp-json\/wp\/v2\/comments?post=13319"}],"version-history":[{"count":5,"href":"https:\/\/shalom.org.pl\/en\/wp-json\/wp\/v2\/posts\/13319\/revisions"}],"predecessor-version":[{"id":14638,"href":"https:\/\/shalom.org.pl\/en\/wp-json\/wp\/v2\/posts\/13319\/revisions\/14638"}],"wp:attachment":[{"href":"https:\/\/shalom.org.pl\/en\/wp-json\/wp\/v2\/media?parent=13319"}],"wp:term":[{"taxonomy":"category","embeddable":true,"href":"https:\/\/shalom.org.pl\/en\/wp-json\/wp\/v2\/categories?post=13319"},{"taxonomy":"post_tag","embeddable":true,"href":"https:\/\/shalom.org.pl\/en\/wp-json\/wp\/v2\/tags?post=13319"}],"curies":[{"name":"wp","href":"https:\/\/api.w.org\/{rel}","templated":true}]}}