{"id":13306,"date":"2021-06-22T23:19:32","date_gmt":"2021-06-22T21:19:32","guid":{"rendered":"http:\/\/shalom.org.pl\/?p=13306"},"modified":"2021-07-19T22:50:32","modified_gmt":"2021-07-19T20:50:32","slug":"spacer-muzyczny-ulicami-warszawy","status":"publish","type":"post","link":"https:\/\/shalom.org.pl\/en\/spacer-muzyczny-ulicami-warszawy\/","title":{"rendered":"Spacer muzyczny ulicami Warszawy, kt\u00f3rych ju\u017c nie ma przy akompaniamencie skrzypiec, akordeonu i instrument\u00f3w perkusyjnych"},"content":{"rendered":"<h3><strong>Spacer muzyczny ulicami Warszawy<\/strong><strong>, kt\u00f3rych ju\u017c nie ma przy akompaniamencie skrzypiec, akordeonu i instrument\u00f3w perkusyjnych<\/strong><\/h3>\n<p>Zagraj\u0105 na \u017cywo:<strong> Miros\u0142aw Ku\u017aniak, Marcin Mariszek i Kamil Siciak <\/strong><\/p>\n<p><strong>Trasa spaceru: <\/strong>Dom Bez Kant\u00f3w,&nbsp;ul. Krakowskie Przedmie\u015bcie 11 &gt;&gt;&gt; ul. Traugutta &gt;&gt;&gt; ul. Kredytowa &gt;&gt;&gt; Plac Jana Henryka D\u0105browskiego &gt;&gt;&gt; ul. Pr\u00f3\u017cna &gt;&gt;&gt; Pl. Grzybowski<\/p>\n<hr>\n<p><span style=\"font-size: 10pt;\">Wst\u0119p po potwierdzeniu obecno\u015bci od 3 do 19 sierpnia w Biurze Festiwalowym \u2013 ul. Senatorska 35, tel. 578&nbsp;550&nbsp;797, 576&nbsp;044&nbsp;547, liczba miejsc ograniczona<\/span><\/p>\n<hr>\n<p><span style=\"font-size: 10pt;\"><em>Zorganizowano we wsp\u00f3\u0142pracy ze Stowarzyszeniem MY<\/em><\/span><\/p>\n<p>&nbsp;<\/p>\n","protected":false},"excerpt":{"rendered":"<p>Spacer muzyczny ulicami Warszawy, kt\u00f3rych ju\u017c nie ma przy akompaniamencie skrzypiec, akordeonu i instrument\u00f3w perkusyjnych Zagraj\u0105 na \u017cywo: Miros\u0142aw Ku\u017aniak, [&hellip;]<\/p>\n","protected":false},"author":5,"featured_media":0,"comment_status":"open","ping_status":"open","sticky":false,"template":"","format":"standard","meta":{"_acf_changed":false,"ngg_post_thumbnail":0,"footnotes":""},"categories":[53],"tags":[77],"class_list":["post-13306","post","type-post","status-publish","format-standard","hentry","category-program","tag-spacer"],"acf":[],"_links":{"self":[{"href":"https:\/\/shalom.org.pl\/en\/wp-json\/wp\/v2\/posts\/13306","targetHints":{"allow":["GET"]}}],"collection":[{"href":"https:\/\/shalom.org.pl\/en\/wp-json\/wp\/v2\/posts"}],"about":[{"href":"https:\/\/shalom.org.pl\/en\/wp-json\/wp\/v2\/types\/post"}],"author":[{"embeddable":true,"href":"https:\/\/shalom.org.pl\/en\/wp-json\/wp\/v2\/users\/5"}],"replies":[{"embeddable":true,"href":"https:\/\/shalom.org.pl\/en\/wp-json\/wp\/v2\/comments?post=13306"}],"version-history":[{"count":4,"href":"https:\/\/shalom.org.pl\/en\/wp-json\/wp\/v2\/posts\/13306\/revisions"}],"predecessor-version":[{"id":13873,"href":"https:\/\/shalom.org.pl\/en\/wp-json\/wp\/v2\/posts\/13306\/revisions\/13873"}],"wp:attachment":[{"href":"https:\/\/shalom.org.pl\/en\/wp-json\/wp\/v2\/media?parent=13306"}],"wp:term":[{"taxonomy":"category","embeddable":true,"href":"https:\/\/shalom.org.pl\/en\/wp-json\/wp\/v2\/categories?post=13306"},{"taxonomy":"post_tag","embeddable":true,"href":"https:\/\/shalom.org.pl\/en\/wp-json\/wp\/v2\/tags?post=13306"}],"curies":[{"name":"wp","href":"https:\/\/api.w.org\/{rel}","templated":true}]}}