{"id":13282,"date":"2021-06-22T12:46:17","date_gmt":"2021-06-22T10:46:17","guid":{"rendered":"http:\/\/shalom.org.pl\/?p=13282"},"modified":"2021-07-19T22:18:03","modified_gmt":"2021-07-19T20:18:03","slug":"niedokonczona-podroz-janusza-tencera-koncert-dedykowany-pamieci-szymona-szurmieja-i-janusza-senta","status":"publish","type":"post","link":"https:\/\/shalom.org.pl\/en\/niedokonczona-podroz-janusza-tencera-koncert-dedykowany-pamieci-szymona-szurmieja-i-janusza-senta\/","title":{"rendered":"\u201eNIEDOKO\u0143CZONA PODR\u00d3\u017b JANUSZA TENCERA\u201d \u2013 koncert dedykowany pami\u0119ci Szymona Szurmieja i Janusza Senta"},"content":{"rendered":"<h3><strong>\u201eNIEDOKO\u0143CZONA<\/strong><strong> PODR\u00d3\u017b JANUSZA TENCERA\u201d \u2013 koncert dedykowany pami\u0119ci Szymona Szurmieja i Janusza Senta<\/strong><\/h3>\n<table style=\"border-collapse: collapse; width: 93.8182%;\">\n<tbody>\n<tr>\n<td style=\"width: 24.9091%;\"><img decoding=\"async\" class=\"alignnone wp-image-13397\" src=\"http:\/\/shalom.org.pl\/wp-content\/uploads\/2021\/06\/Szymon-Szurmiej-1-213x300.jpg\" alt=\"\" width=\"180\" height=\"254\" srcset=\"https:\/\/shalom.org.pl\/wp-content\/uploads\/2021\/06\/Szymon-Szurmiej-1-213x300.jpg 213w, https:\/\/shalom.org.pl\/wp-content\/uploads\/2021\/06\/Szymon-Szurmiej-1-181x255.jpg 181w, https:\/\/shalom.org.pl\/wp-content\/uploads\/2021\/06\/Szymon-Szurmiej-1.jpg 259w\" sizes=\"(max-width: 180px) 100vw, 180px\" \/><\/td>\n<td style=\"width: 68.9091%;\"><strong>Szymon Szurmiej <\/strong>(1923-2014) &#8211; polski aktor filmowy i teatralny oraz re\u017cyser teatralny, przez 45 lat dyrektor naczelny i artystyczny Teatru \u017bydowskiego im. Ester Rachel i Idy Kami\u0144skich w Warszawie. Uznany dzia\u0142acz spo\u0142eczno\u015bci \u017cydowskiej \u2013 pe\u0142ni\u0142 funkcje m.in. cz\u0142onka \u015awiatowego Kongresu \u017byd\u00f3w oraz Prezydium \u015awiatowego Komitetu Kultury \u017bydowskiej oraz wiceprezydenta \u015awiatowej Federacji \u017byd\u00f3w Polskich, Odznaczany na ca\u0142ym \u015bwiecie, w Polsce odznaczony m.in. Krzy\u017cem Wielkim Orderu Odrodzenia Polski, Z\u0142otym Krzy\u017cem Zas\u0142ugi i Medal \u201eZas\u0142u\u017cony Kulturze Gloria Artis\u201d.<\/td>\n<\/tr>\n<tr>\n<td style=\"width: 24.9091%;\"><img decoding=\"async\" class=\"alignnone wp-image-13394\" src=\"http:\/\/shalom.org.pl\/wp-content\/uploads\/2021\/06\/sent-janusz-200x300.jpg\" alt=\"\" width=\"180\" height=\"270\" srcset=\"https:\/\/shalom.org.pl\/wp-content\/uploads\/2021\/06\/sent-janusz.jpg 200w, https:\/\/shalom.org.pl\/wp-content\/uploads\/2021\/06\/sent-janusz-170x255.jpg 170w\" sizes=\"(max-width: 180px) 100vw, 180px\" \/><\/td>\n<td style=\"width: 68.9091%;\"><strong>Janusz Sent<\/strong> (1936-2018) &#8211; polski kompozytor, pianista i aran\u017cer. Wsp\u00f3\u0142tworzy\u0142 audycje radiowe &#8220;Muzyka i Aktualno\u015bci&#8221; czy kultowy &#8220;Podwieczorek przy mikrofonie&#8221;. Pe\u0142ni\u0142 funkcj\u0119 kierownika muzycznego w warszawskich teatrach \u201eKomedia\u201d i &#8220;Buffo&#8221;, wsp\u00f3\u0142pracowa\u0142 z plejad\u0105 gwiazd polskiej sceny, m.in.: Lod\u0105 Halam\u0105, Iren\u0105 Santor, Violett\u0105 Villas, S\u0142aw\u0105 Przybylsk\u0105, Ludwikiem Sempoli\u0144skim, Jerzym Po\u0142omskim, Bohdanem \u0141azuk\u0105 czy Wojciechem M\u0142ynarskim.<\/td>\n<\/tr>\n<\/tbody>\n<\/table>\n<p>Scenariusz i teksty piosenek: <strong>Janusz Tencer<\/strong>, re\u017cyseria: <strong>Go\u0142da Tencer<\/strong>, scenografia: <strong>Ewa \u0141aniecka<\/strong>, opracowanie muzyczne: <strong>Janusz Tylman<\/strong>, choreografia: <strong>Katarzyna Ma\u0142achowska<\/strong><\/p>\n<p class=\"gwpd36f99f9_MsoNormal\">Wyst\u0105pi\u0105:&nbsp;<strong>Go\u0142da Tencer<\/strong>,<strong>&nbsp;Janusz Tencer<\/strong>,&nbsp;<strong>Dawid Szurmiej<\/strong>,<strong>&nbsp;Monika Chrz\u0105stowska<\/strong>,<strong>&nbsp;Izabella Rzeszowska<\/strong>,<strong>&nbsp;Joanna Przyby\u0142owska<\/strong>,<strong>&nbsp;Ma\u0142gorzata Majewska<\/strong>,<strong>&nbsp;Marcin B\u0142aszak<\/strong>,<strong>&nbsp;Sylwia Najah<\/strong>,&nbsp;<strong>Piotr Sierecki<\/strong>,&nbsp;<strong>Marek W\u0119glarski<\/strong>,<strong>&nbsp;Henryk Rajfer<\/strong>,<strong>&nbsp;Ewa D\u0105browska<\/strong>,&nbsp;<strong>Ben Erlich<\/strong>,<strong>&nbsp;Marek Werbart<\/strong>,&nbsp;<strong>Magdalena Stoltz<\/strong>,&nbsp;<strong>Gwidon Jakowlew, Jurek Wajnblom<\/strong><\/p>\n<p class=\"gwpd36f99f9_MsoNormal\">W t\u0119 muzyczn\u0105 podr\u00f3\u017c wyruszyli\u015bmy dwadzie\u015bcia lat temu w tr\u00f3jk\u0119: Szymon Szurmiej, Janusz Sent i ja. Szymon wybiera\u0142 piosenki, ja pisa\u0142em do nich teksty a Janusz mia\u0142 je aran\u017cowa\u0107. Scenariusz napisa\u0142o jednak \u017cycie. Najpierw odszed\u0142 Szymon. Potem odszed\u0142 Janusz. Dla mnie to jeszcze podr\u00f3\u017c niedoko\u0144czona.<\/p>\n<p class=\"gwpd36f99f9_MsoNormal\">S\u0142owami \u017cydowskich piosenek opowiem wi\u0119c wam prawdziw\u0105 histori\u0119 \u017cycia Szymona Szurmieja, z tym jednak, \u017ce nie b\u0119dzie w niej ANI S\u0141OWA PRAWDY.<\/p>\n<table style=\"border-collapse: collapse; width: 102.057%;\">\n<tbody>\n<tr>\n<td style=\"width: 30.8966%;\"><img fetchpriority=\"high\" decoding=\"async\" class=\"size-medium wp-image-13396 alignnone\" src=\"http:\/\/shalom.org.pl\/wp-content\/uploads\/2021\/06\/j.tencer-JP-243x300.jpg\" alt=\"\" width=\"243\" height=\"300\" srcset=\"https:\/\/shalom.org.pl\/wp-content\/uploads\/2021\/06\/j.tencer-JP-243x300.jpg 243w, https:\/\/shalom.org.pl\/wp-content\/uploads\/2021\/06\/j.tencer-JP-768x948.jpg 768w, https:\/\/shalom.org.pl\/wp-content\/uploads\/2021\/06\/j.tencer-JP-829x1024.jpg 829w, https:\/\/shalom.org.pl\/wp-content\/uploads\/2021\/06\/j.tencer-JP-207x255.jpg 207w, https:\/\/shalom.org.pl\/wp-content\/uploads\/2021\/06\/j.tencer-JP-350x432.jpg 350w\" sizes=\"(max-width: 243px) 100vw, 243px\" \/><\/td>\n<td style=\"width: 71.1611%;\"><span style=\"font-size: 10pt;\"><strong>Janusz Tencer<\/strong>, lekarz nefrolog, doktor habilitowany i autor ponad trzydziestu artyku\u0142\u00f3w naukowych i ksi\u0105\u017cek. Urodzi\u0142 si\u0119 w \u0141odzi a w 1969 roku wyemigrowa\u0142 do Szwecji gdzie mieszka i pracuje do tej pory. Jest ordynatorem kliniki nefrologicznej szpitala uniwersyteckiego w Lund (Szwecja). R\u00f3wnocze\u015bnie prowadzi jedn\u0105 z wi\u0119kszych przychodni lekarskich w Warszawie, centrum medyczne MediCenter. By\u0142 cz\u0142onkiem zarz\u0105du Fundacji Shalom od chwili jej powstania, a od kilku lat pe\u0142ni funkcj\u0119 przewodniczego zarz\u0105du. Od lat wykonuje repertuar \u017cydowski, hebrajski i polski, a tak\u017ce pisze polskie teksty piosenek do tradycyjnych \u017cydowskich melodii i do wsp\u00f3\u0142czesnych szlagier\u00f3w \u017cydowskich kompozytor\u00f3w. Jest tak\u017ce autorem ksi\u0105\u017cki o \u017cydowskim \u017cyciu w powojennej \u0141odzi \u201eW kuchni Mamy Soni\u201d, kt\u00f3ra powsta\u0142a wed\u0142ug pomys\u0142u Go\u0142dy Tencer. \u015apiewa\u0142 w zespole \u201eThe Glickers\u201d, przez ostatnich&nbsp; kilkana\u015bcie lat wyst\u0119powa\u0142 solo wraz ze swoj\u0105 sta\u0142\u0105 akompaniatork\u0105, Magdalen\u0105 Stoltz. Wyst\u0119powa\u0142 w Polsce, Szwecji, Danii, Norwegii i Niemczech, ma na swoim koncie solowy album \u201e\u017bydowski Krawiec i inne\u201d.<\/span><\/p>\n<p><span style=\"font-size: 10pt;\">To w\u0142a\u015bnie Janusz Sent powiedzia\u0142 o nim w wywiadzie dla \u201ePolityki\u201d: <em>Dzisiaj tylko Go\u0142da i Janusz Tencer potrafi\u0105 prawdziwie wykonywa\u0107 \u017cydowskie piosenki<\/em>.<\/span><\/p>\n<p>&nbsp;<\/td>\n<\/tr>\n<\/tbody>\n<\/table>\n<hr>\n<p><span style=\"font-size: 10pt;\"><strong>Teatr Kwadrat, ul. Marsza\u0142kowska 138<\/strong><\/span><\/p>\n<p><span style=\"font-size: 10pt;\">Wst\u0119p po potwierdzeniu obecno\u015bci od 3 do 19 sierpnia w Biurze Festiwalowym na ul. Senatorskiej 35<\/span><\/p>\n<p><span style=\"font-size: 10pt;\">Wydarzenie transmitowane on-line \u2013 szczeg\u00f3\u0142y na: www.festiwalsingera.pl<\/span><\/p>\n<p>&nbsp;<\/p>\n","protected":false},"excerpt":{"rendered":"<p>\u201eNIEDOKO\u0143CZONA PODR\u00d3\u017b JANUSZA TENCERA\u201d \u2013 koncert dedykowany pami\u0119ci Szymona Szurmieja i Janusza Senta Szymon Szurmiej (1923-2014) &#8211; polski aktor filmowy [&hellip;]<\/p>\n","protected":false},"author":5,"featured_media":0,"comment_status":"open","ping_status":"open","sticky":false,"template":"","format":"standard","meta":{"_acf_changed":false,"ngg_post_thumbnail":0,"footnotes":""},"categories":[53],"tags":[71],"class_list":["post-13282","post","type-post","status-publish","format-standard","hentry","category-program","tag-koncert"],"acf":[],"_links":{"self":[{"href":"https:\/\/shalom.org.pl\/en\/wp-json\/wp\/v2\/posts\/13282","targetHints":{"allow":["GET"]}}],"collection":[{"href":"https:\/\/shalom.org.pl\/en\/wp-json\/wp\/v2\/posts"}],"about":[{"href":"https:\/\/shalom.org.pl\/en\/wp-json\/wp\/v2\/types\/post"}],"author":[{"embeddable":true,"href":"https:\/\/shalom.org.pl\/en\/wp-json\/wp\/v2\/users\/5"}],"replies":[{"embeddable":true,"href":"https:\/\/shalom.org.pl\/en\/wp-json\/wp\/v2\/comments?post=13282"}],"version-history":[{"count":9,"href":"https:\/\/shalom.org.pl\/en\/wp-json\/wp\/v2\/posts\/13282\/revisions"}],"predecessor-version":[{"id":13855,"href":"https:\/\/shalom.org.pl\/en\/wp-json\/wp\/v2\/posts\/13282\/revisions\/13855"}],"wp:attachment":[{"href":"https:\/\/shalom.org.pl\/en\/wp-json\/wp\/v2\/media?parent=13282"}],"wp:term":[{"taxonomy":"category","embeddable":true,"href":"https:\/\/shalom.org.pl\/en\/wp-json\/wp\/v2\/categories?post=13282"},{"taxonomy":"post_tag","embeddable":true,"href":"https:\/\/shalom.org.pl\/en\/wp-json\/wp\/v2\/tags?post=13282"}],"curies":[{"name":"wp","href":"https:\/\/api.w.org\/{rel}","templated":true}]}}