{"id":13273,"date":"2021-06-22T12:39:45","date_gmt":"2021-06-22T10:39:45","guid":{"rendered":"http:\/\/shalom.org.pl\/?p=13273"},"modified":"2021-08-08T21:11:04","modified_gmt":"2021-08-08T19:11:04","slug":"spacer-miejski-nauczyciele-historycy-pisarki-i-listonosz-kim-byli-czlonkowie-konspiracyjnej-grupy-oneg-szabat","status":"publish","type":"post","link":"https:\/\/shalom.org.pl\/en\/spacer-miejski-nauczyciele-historycy-pisarki-i-listonosz-kim-byli-czlonkowie-konspiracyjnej-grupy-oneg-szabat\/","title":{"rendered":"Spacer miejski: \u201eNauczyciele, historycy, pisarki i listonosz \u2013 kim byli cz\u0142onkowie konspiracyjnej grupy Oneg Szabat\u201d"},"content":{"rendered":"<h3><strong>Spacer miejski: \u201eNauczyciele, historycy, pisarki i listonosz \u2013 kim byli cz\u0142onkowie konspiracyjnej grupy Oneg Szabat\u201d<\/strong><\/h3>\n<p><strong>Prowadzenie: <\/strong>Dzia\u0142 Edukacji \u017bIH<\/p>\n<p><strong>Zapraszamy Pa\u0144stwa na spacer edukacyjny po\u015bwi\u0119cony cz\u0142onkom grupy Oneg Szabat, tw\u00f3rcom Podziemnego Archiwum Getta Warszawy, jednej z najcenniejszych kolekcji dokument\u00f3w dotycz\u0105cych Zag\u0142ady i losu polskich \u017byd\u00f3w w czasie II wojny \u015bwiatowej.<\/strong><\/p>\n<p><strong>&nbsp;<\/strong>Jak\u0105 rol\u0119 w warszawskim getcie odgrywali nauczyciele? Przekazywali jedynie wiedz\u0119, czy te\u017c w trudnych wojennych czasach ich obowi\u0105zki by\u0142y inne? Jakie by\u0142o ich znaczenie dla grupy Oneg Szabat? Kto by\u0142 historykiem, kto pisark\u0105, a kto listonoszem? Kim byli tw\u00f3rcy Podziemnego Archiwum Getta Warszawy i jak ich praca wp\u0142yn\u0119\u0142a na zawarto\u015b\u0107 10 metalowych skrzy\u0144 i dw\u00f3ch baniek na mleko ukrytych na Nowolipkach 68?<\/p>\n<p><img fetchpriority=\"high\" decoding=\"async\" class=\"alignnone wp-image-14062 size-large\" src=\"http:\/\/shalom.org.pl\/wp-content\/uploads\/2021\/06\/Spacery-letnie21-1024x536.png\" alt=\"\" width=\"1024\" height=\"536\" srcset=\"https:\/\/shalom.org.pl\/wp-content\/uploads\/2021\/06\/Spacery-letnie21-1024x536.png 1024w, https:\/\/shalom.org.pl\/wp-content\/uploads\/2021\/06\/Spacery-letnie21-300x157.png 300w, https:\/\/shalom.org.pl\/wp-content\/uploads\/2021\/06\/Spacery-letnie21-768x402.png 768w, https:\/\/shalom.org.pl\/wp-content\/uploads\/2021\/06\/Spacery-letnie21-487x255.png 487w, https:\/\/shalom.org.pl\/wp-content\/uploads\/2021\/06\/Spacery-letnie21-350x183.png 350w, https:\/\/shalom.org.pl\/wp-content\/uploads\/2021\/06\/Spacery-letnie21.png 1200w\" sizes=\"(max-width: 1024px) 100vw, 1024px\" \/><\/p>\n<p>Podczas spaceru poznamy historie wsp\u00f3\u0142pracownik\u00f3w Emanuela Ringelbluma, tw\u00f3rcy grupy Oneg Szabat i ruszymy \u015bladem miejsc, kt\u00f3re o ich losach nam przypominaj\u0105. Przestrze\u0144 warszawskiego getta by\u0142a dla nich, podobnie jak dla niemal p\u00f3\u0142 miliona uwi\u0119zionych w nim \u017byd\u00f3w, niebezpieczna i opresyjna. Dlatego te\u017c dzia\u0142alno\u015b\u0107 konspiracyjnej grupy, polegaj\u0105ca na skrupulatnym i wszechstronnym dokumentowaniu losu \u017byd\u00f3w pod okupacj\u0105 niemieck\u0105, a nast\u0119pnie ich Zag\u0142ady, stanowi\u0142a jeden z przejaw\u00f3w najwi\u0119kszego oporu cywilnego i intelektualnego.<\/p>\n<p>W trakcie spaceru zobaczymy miejsca istotne dla dzia\u0142alno\u015bci grupy jak i \u017cycia jej cz\u0142onk\u00f3w. Zaczniemy w budynku \u017bydowskiego Instytutu Historycznego, w kt\u00f3rym w czasie wojny mie\u015bci\u0142a si\u0119 \u017bydowska Samopomoc Spo\u0142eczna i gdzie spotykali si\u0119 najbli\u017csi towarzysze Ringelbluma. Odwiedzimy pomnik upami\u0119tniaj\u0105cy dawne Nowolipki 68, miejsce ukrycia oraz odnalezienia stworzonej przez grup\u0119 kolekcji dokument\u00f3w. Zatrzymamy si\u0119 r\u00f3wnie\u017c przy instalacji artystycznej przygotowanej na tegoroczny Marsz Pami\u0119ci 22 lipca, wydarzenie upami\u0119tniaj\u0105ce deportacj\u0119 mieszka\u0144c\u00f3w getta do obozu zag\u0142ady Treblinka II. Tegorocznym patronem marszu byli w\u0142a\u015bnie nauczyciele warszawskiego getta.&nbsp;<\/p>\n<hr>\n<p><span style=\"font-size: 10pt;\"><strong>Miejsce spotkania: <\/strong>\u017bydowski Instytut Historyczny, ul. T\u0142omackie 3\/5<\/span><\/p>\n<p><span style=\"font-size: 10pt;\"><strong>Zapisy: <\/strong>zapisy mailowe przyjmujemy od dnia 9 sierpnia b.r. pod adresem <a href=\"mailto:rezerwacja@jhi.pl\">rezerwacja@jhi.pl<\/a>.<\/span><\/p>\n<p><span style=\"font-size: 10pt;\">W tytule prosimy wpisywa\u0107 \u201eSpacer 25 sierpnia\u201d. Gwarancj\u0105 udzia\u0142u jest otrzymanie maila zwrotnego z potwierdzeniem. W formularzu prosimy o podanie numeru telefonu, kt\u00f3ry u\u0142atwi nam kontakt z Pa\u0144stwem w razie nag\u0142ej zmiany pogody, kt\u00f3ra uniemo\u017cliwi\u0142aby realizacj\u0119 spaceru.<\/span><\/p>\n<p><span style=\"font-size: 10pt;\">W spacerze ze wzgl\u0119d\u00f3w ogranicze\u0144 epidemiologicznych mo\u017ce uczestniczy\u0107 ograniczona liczba uczestnik\u00f3w. Pragniemy poinformowa\u0107, \u017ce na dworze konieczne jest zachowanie dystansu 1,5 m od innych uczestnik\u00f3w.<\/span><\/p>\n<hr>\n<p><span style=\"font-size: 10pt;\"><em>Wydarzenie towarzysz\u0105ce zorganizowane przez \u017bydowski Instytut Historyczny<\/em><\/span><\/p>\n<p><span style=\"font-size: 10pt;\"><em>Spacer odbywa si\u0119 w ramach projektu \u017bydowskie Dziedzictwo Kulturowe. Opracowanie zbior\u00f3w jest finansowane przez Islandi\u0119, Liechtenstein i Norwegi\u0119 w ramach Funduszu EOG oraz przez bud\u017cet krajowy<\/em><\/span><\/p>\n","protected":false},"excerpt":{"rendered":"<p>Spacer miejski: \u201eNauczyciele, historycy, pisarki i listonosz \u2013 kim byli cz\u0142onkowie konspiracyjnej grupy Oneg Szabat\u201d Prowadzenie: Dzia\u0142 Edukacji \u017bIH Zapraszamy [&hellip;]<\/p>\n","protected":false},"author":5,"featured_media":0,"comment_status":"open","ping_status":"open","sticky":false,"template":"","format":"standard","meta":{"_acf_changed":false,"ngg_post_thumbnail":0,"footnotes":""},"categories":[53],"tags":[77],"class_list":["post-13273","post","type-post","status-publish","format-standard","hentry","category-program","tag-spacer"],"acf":[],"_links":{"self":[{"href":"https:\/\/shalom.org.pl\/en\/wp-json\/wp\/v2\/posts\/13273","targetHints":{"allow":["GET"]}}],"collection":[{"href":"https:\/\/shalom.org.pl\/en\/wp-json\/wp\/v2\/posts"}],"about":[{"href":"https:\/\/shalom.org.pl\/en\/wp-json\/wp\/v2\/types\/post"}],"author":[{"embeddable":true,"href":"https:\/\/shalom.org.pl\/en\/wp-json\/wp\/v2\/users\/5"}],"replies":[{"embeddable":true,"href":"https:\/\/shalom.org.pl\/en\/wp-json\/wp\/v2\/comments?post=13273"}],"version-history":[{"count":6,"href":"https:\/\/shalom.org.pl\/en\/wp-json\/wp\/v2\/posts\/13273\/revisions"}],"predecessor-version":[{"id":14063,"href":"https:\/\/shalom.org.pl\/en\/wp-json\/wp\/v2\/posts\/13273\/revisions\/14063"}],"wp:attachment":[{"href":"https:\/\/shalom.org.pl\/en\/wp-json\/wp\/v2\/media?parent=13273"}],"wp:term":[{"taxonomy":"category","embeddable":true,"href":"https:\/\/shalom.org.pl\/en\/wp-json\/wp\/v2\/categories?post=13273"},{"taxonomy":"post_tag","embeddable":true,"href":"https:\/\/shalom.org.pl\/en\/wp-json\/wp\/v2\/tags?post=13273"}],"curies":[{"name":"wp","href":"https:\/\/api.w.org\/{rel}","templated":true}]}}