{"id":13258,"date":"2021-06-20T17:37:56","date_gmt":"2021-06-20T15:37:56","guid":{"rendered":"http:\/\/shalom.org.pl\/?p=13258"},"modified":"2021-07-17T22:20:36","modified_gmt":"2021-07-17T20:20:36","slug":"zydowski-salon-literacki-mela-muter-i-swiat-montparnasseu-spotkanie-z-sylwia-zietek-autorka-ksiazki-polskie-malarki-z-montparnasse","status":"publish","type":"post","link":"https:\/\/shalom.org.pl\/en\/zydowski-salon-literacki-mela-muter-i-swiat-montparnasseu-spotkanie-z-sylwia-zietek-autorka-ksiazki-polskie-malarki-z-montparnasse\/","title":{"rendered":"\u017bydowski Salon Literacki: \u201eMela Muter i inne artystki burz\u0105ce stary \u015bwiat\u201d \u2013  spotkanie z Sylwi\u0105 Zientek, autork\u0105 ksi\u0105\u017cki \u201ePolki na Montparnassie\u201d"},"content":{"rendered":"<h3><strong>\u017bydowski Salon Literacki: \u201eMela Muter i inne artystki burz\u0105ce stary \u015bwiat\u201d \u2013 spotkanie z Sylwi\u0105 Zientek, autork\u0105 ksi\u0105\u017cki \u201ePolki na Montparnassie\u201d<\/strong><\/h3>\n<p>Fragmenty tekst\u00f3w przeczyta<strong> Ernestyna Winnicka<\/strong><\/p>\n<p>Prowadzenie:<strong> Remigiusz Grzela<\/strong><\/p>\n<p><img fetchpriority=\"high\" decoding=\"async\" class=\"alignnone size-medium wp-image-13633\" src=\"http:\/\/shalom.org.pl\/wp-content\/uploads\/2021\/06\/pol_pm_Polki-na-Montparnassie-99046_1-198x300.jpg\" alt=\"\" width=\"198\" height=\"300\" srcset=\"https:\/\/shalom.org.pl\/wp-content\/uploads\/2021\/06\/pol_pm_Polki-na-Montparnassie-99046_1-198x300.jpg 198w, https:\/\/shalom.org.pl\/wp-content\/uploads\/2021\/06\/pol_pm_Polki-na-Montparnassie-99046_1-168x255.jpg 168w, https:\/\/shalom.org.pl\/wp-content\/uploads\/2021\/06\/pol_pm_Polki-na-Montparnassie-99046_1.jpg 297w\" sizes=\"(max-width: 198px) 100vw, 198px\" \/><\/p>\n<div>\n<p>Nieznane historie polskich malarek w legendarnej dzielnicy Pary\u017ca.<\/p>\n<p>Znana i popularna pisarka Sylwia Zientek to autorka powie\u015bci historycznych i obyczajowych, znana szczeg\u00f3lnie z cyklu \u201cHotel Varsovie\u201d (\u201cKl\u0105twa lutnisty\u201d, \u201cBunt chimery\u201d, \u201cKr\u00f3lewski szpieg\u201d) oraz ksi\u0105\u017cki \u201cKolonia Marusia\u201d. Z wykszta\u0142cenia prawniczka. Prywatnie wielbicielka podr\u00f3\u017cy tropami artyst\u00f3w, pasjonatka malarstwa i jazzu oraz mama tr\u00f3jki dzieci. Pisarka zmierzy\u0142a si\u0119 tym razem z tematem polskich artystek, kt\u00f3re wyemigrowa\u0142y do Francji, otwiera\u0142y swoje atelier, sta\u0142y si\u0119 cz\u0119\u015bci\u0105 paryskiej bohemy, promieniowa\u0142y na ca\u0142e \u015brodowisko malarskie. Silne, odwa\u017cne, niezale\u017cne, poszukuj\u0105ce, kontrowersyjne, charyzmatyczne.&nbsp;<\/p>\n<\/div>\n<div>\u201ePolki na Montparnasse\u201d (Agora) to atrakcyjna opowie\u015b\u0107 o polskich malarkach w Pary\u017cu, kt\u00f3re w wi\u0119kszo\u015bci mia\u0142y \u017cydowskie pochodzenie. Najbardziej z nich znana dzisiaj jest Mela Muter, jej obrazy osi\u0105gaj\u0105 na aukcjach rekordowe ceny. Muter mieszka\u0142a we Francji od 1901 roku. Nale\u017ca\u0142a do paryskiej bohemy, by\u0142a zwi\u0105zana z grup\u0105 Ecole de Paris. Inspirowa\u0142a si\u0119 tw\u00f3rczo\u015bci\u0105 Paula Cezanne\u2019a. Inne polskie malarki \u017cydowskiego pochodzenia, kt\u00f3rych historie opowiada Sylwia Zientek, to m.in. Alicja Halicka i Reno Hassenberg.<\/div>\n<div>&nbsp;<\/div>\n<hr>\n<p><span style=\"font-size: 10pt;\"><strong>Centrum Kultury Jidysz, ul. Andersa 15<\/strong><\/span><\/p>\n<p><span style=\"font-size: 10pt;\">Zapisy do 20 sierpnia na: <a href=\"mailto:ckj@jidysz.org.pl\">ckj@jidysz.org.pl<\/a>, liczba miejsc ograniczona<\/span><\/p>\n<p><span style=\"font-size: 10pt;\">Wydarzenie transmitowane on-line \u2013 szczeg\u00f3\u0142y na: <a href=\"http:\/\/www.festiwalsingera.pl\">www.festiwalsingera.pl<\/a><\/span><\/p>\n<p>&nbsp;<\/p>\n","protected":false},"excerpt":{"rendered":"<p>\u017bydowski Salon Literacki: \u201eMela Muter i inne artystki burz\u0105ce stary \u015bwiat\u201d \u2013 spotkanie z Sylwi\u0105 Zientek, autork\u0105 ksi\u0105\u017cki \u201ePolki na [&hellip;]<\/p>\n","protected":false},"author":5,"featured_media":0,"comment_status":"open","ping_status":"open","sticky":false,"template":"","format":"standard","meta":{"_acf_changed":false,"ngg_post_thumbnail":0,"footnotes":""},"categories":[53],"tags":[73],"class_list":["post-13258","post","type-post","status-publish","format-standard","hentry","category-program","tag-salon-literacki"],"acf":[],"_links":{"self":[{"href":"https:\/\/shalom.org.pl\/en\/wp-json\/wp\/v2\/posts\/13258","targetHints":{"allow":["GET"]}}],"collection":[{"href":"https:\/\/shalom.org.pl\/en\/wp-json\/wp\/v2\/posts"}],"about":[{"href":"https:\/\/shalom.org.pl\/en\/wp-json\/wp\/v2\/types\/post"}],"author":[{"embeddable":true,"href":"https:\/\/shalom.org.pl\/en\/wp-json\/wp\/v2\/users\/5"}],"replies":[{"embeddable":true,"href":"https:\/\/shalom.org.pl\/en\/wp-json\/wp\/v2\/comments?post=13258"}],"version-history":[{"count":9,"href":"https:\/\/shalom.org.pl\/en\/wp-json\/wp\/v2\/posts\/13258\/revisions"}],"predecessor-version":[{"id":13772,"href":"https:\/\/shalom.org.pl\/en\/wp-json\/wp\/v2\/posts\/13258\/revisions\/13772"}],"wp:attachment":[{"href":"https:\/\/shalom.org.pl\/en\/wp-json\/wp\/v2\/media?parent=13258"}],"wp:term":[{"taxonomy":"category","embeddable":true,"href":"https:\/\/shalom.org.pl\/en\/wp-json\/wp\/v2\/categories?post=13258"},{"taxonomy":"post_tag","embeddable":true,"href":"https:\/\/shalom.org.pl\/en\/wp-json\/wp\/v2\/tags?post=13258"}],"curies":[{"name":"wp","href":"https:\/\/api.w.org\/{rel}","templated":true}]}}