{"id":13256,"date":"2021-06-20T17:35:54","date_gmt":"2021-06-20T15:35:54","guid":{"rendered":"http:\/\/shalom.org.pl\/?p=13256"},"modified":"2021-07-17T21:56:50","modified_gmt":"2021-07-17T19:56:50","slug":"koncert-olgi-avigail-pl-il-piesni-izraela-od-czasow-biblijnych-do-dzisiaj","status":"publish","type":"post","link":"https:\/\/shalom.org.pl\/en\/koncert-olgi-avigail-pl-il-piesni-izraela-od-czasow-biblijnych-do-dzisiaj\/","title":{"rendered":"Recital OLGI AVIGAIL |PL\/IL|: \u201ePIE\u015aNI IZRAELA OD CZAS\u00d3W BIBLIJNYCH DO DZISIAJ\u201d"},"content":{"rendered":"<h3><strong>Recital OLGI AVIGAIL <\/strong>|PL\/IL|<strong>: \u201ePIE\u015aNI IZRAELA OD CZAS\u00d3W BIBLIJNYCH DO DZISIAJ\u201d <\/strong><\/h3>\n<p>Koncert promuj\u0105cy now\u0105 p\u0142yt\u0119 polsko-izraelskiej wokalistki Olgi Avigail to zaproszenie do fascynuj\u0105cej muzycznej w\u0119dr\u00f3wki po Izraelu \u2013 tym z czas\u00f3w biblijnych oraz wsp\u00f3\u0142czesnym. Olga przekazuje geograficzn\u0105 i kulturow\u0105 r\u00f3\u017cnorodno\u015b\u0107 Ziemi Izraela poprzez hebrajskie pie\u015bni \u2013 zar\u00f3wno te tradycyjne, jak i nowe kompozycje.<\/p>\n<p><img fetchpriority=\"high\" decoding=\"async\" class=\"alignnone wp-image-13534\" src=\"http:\/\/shalom.org.pl\/wp-content\/uploads\/2021\/07\/olga-avigail-300x273.png\" alt=\"\" width=\"600\" height=\"546\" srcset=\"https:\/\/shalom.org.pl\/wp-content\/uploads\/2021\/07\/olga-avigail-300x273.png 300w, https:\/\/shalom.org.pl\/wp-content\/uploads\/2021\/07\/olga-avigail-768x699.png 768w, https:\/\/shalom.org.pl\/wp-content\/uploads\/2021\/07\/olga-avigail-1024x932.png 1024w, https:\/\/shalom.org.pl\/wp-content\/uploads\/2021\/07\/olga-avigail-280x255.png 280w, https:\/\/shalom.org.pl\/wp-content\/uploads\/2021\/07\/olga-avigail-350x319.png 350w\" sizes=\"(max-width: 600px) 100vw, 600px\" \/><\/p>\n<p>Podr\u00f3\u017c rozpoczyna si\u0119 w Ejlacie, na po\u0142udniowej granicy Izraela, a ko\u0144czy w Rosz Hanikra &#8211; na jego p\u00f3\u0142nocnozachodnim kra\u0144cu. Obejmuje pierwotne d\u017awi\u0119ki pustyni Negew, \u015bwi\u0119te tony Jerozolimy i s\u0142odkie melodie Morza Galilejskiego. Po drodze spotkacie s\u0142ynne postacie biblijne, jak kr\u00f3l Dawid, czy prorokini Miriam, jak i wsp\u00f3\u0142czesnych artyst\u00f3w izraelskich poetk\u0119 Rachel czy Nomi Szemer. Pie\u015bni s\u0105 wykonywane g\u0142\u00f3wnie po hebrajsku, ale przywo\u0142uj\u0105 brzmienia innych kultur i religii &#8211; arabskiej, europejskiej, arme\u0144skiej, bedui\u0144skiej czy druzyjskiej.<\/p>\n<p>Ten projekt po\u0142\u0105czy\u0142 muzyk\u00f3w r\u00f3\u017cnego pochodzenia, kt\u00f3rzy zagrali na 31 instrumentach, aby ukaza\u0107 wielo\u015b\u0107 muzycznych styl\u00f3w izraelskiego tygla kulturowego, gdzie pie\u015b\u0144 pustynnej karawany spotyka jazz, a d\u017awi\u0119ki antycznego santura \u2013 bossa nov\u0119. Muzyce towarzysz\u0105 obrazy izraelskich pejza\u017cy i gar\u015b\u0107 opowie\u015bci.<\/p>\n<hr>\n<p><span style=\"font-size: 10pt;\"><strong>Scena Letnia Teatru \u017bydowskiego,<\/strong><strong> ul. Senatorska 35<\/strong><\/span><\/p>\n<p><span style=\"font-size: 10pt;\">Bilety: 30 PLN \u2013 do nabycia na: www.ebilet.pl, www.teatr-zydowski.art.pl, w Biurze Organizacji Widowni tel. 22 526 20 34; 22 850 64 50 lub 51 oraz w kasach Teatru \u017bydowskiego, ul. Senatorska 35, tel. 22 850 64 35 lub w Klubie Dow\u00f3dztwa Garnizonu Warszawa, al. Niepodleg\u0142o\u015bci 141a, tel. 22 850 56 56 (szczeg\u00f3\u0142owe informacje na stronie www.shalom.org.pl); miejsca nie s\u0105 numerowane<\/span><\/p>\n<p>&nbsp;<\/p>\n","protected":false},"excerpt":{"rendered":"<p>Recital OLGI AVIGAIL |PL\/IL|: \u201ePIE\u015aNI IZRAELA OD CZAS\u00d3W BIBLIJNYCH DO DZISIAJ\u201d Koncert promuj\u0105cy now\u0105 p\u0142yt\u0119 polsko-izraelskiej wokalistki Olgi Avigail to [&hellip;]<\/p>\n","protected":false},"author":5,"featured_media":0,"comment_status":"open","ping_status":"open","sticky":false,"template":"","format":"standard","meta":{"_acf_changed":false,"ngg_post_thumbnail":0,"footnotes":""},"categories":[53],"tags":[71],"class_list":["post-13256","post","type-post","status-publish","format-standard","hentry","category-program","tag-koncert"],"acf":[],"_links":{"self":[{"href":"https:\/\/shalom.org.pl\/en\/wp-json\/wp\/v2\/posts\/13256","targetHints":{"allow":["GET"]}}],"collection":[{"href":"https:\/\/shalom.org.pl\/en\/wp-json\/wp\/v2\/posts"}],"about":[{"href":"https:\/\/shalom.org.pl\/en\/wp-json\/wp\/v2\/types\/post"}],"author":[{"embeddable":true,"href":"https:\/\/shalom.org.pl\/en\/wp-json\/wp\/v2\/users\/5"}],"replies":[{"embeddable":true,"href":"https:\/\/shalom.org.pl\/en\/wp-json\/wp\/v2\/comments?post=13256"}],"version-history":[{"count":5,"href":"https:\/\/shalom.org.pl\/en\/wp-json\/wp\/v2\/posts\/13256\/revisions"}],"predecessor-version":[{"id":13763,"href":"https:\/\/shalom.org.pl\/en\/wp-json\/wp\/v2\/posts\/13256\/revisions\/13763"}],"wp:attachment":[{"href":"https:\/\/shalom.org.pl\/en\/wp-json\/wp\/v2\/media?parent=13256"}],"wp:term":[{"taxonomy":"category","embeddable":true,"href":"https:\/\/shalom.org.pl\/en\/wp-json\/wp\/v2\/categories?post=13256"},{"taxonomy":"post_tag","embeddable":true,"href":"https:\/\/shalom.org.pl\/en\/wp-json\/wp\/v2\/tags?post=13256"}],"curies":[{"name":"wp","href":"https:\/\/api.w.org\/{rel}","templated":true}]}}