{"id":13254,"date":"2021-06-20T17:34:10","date_gmt":"2021-06-20T15:34:10","guid":{"rendered":"http:\/\/shalom.org.pl\/?p=13254"},"modified":"2021-07-16T13:47:03","modified_gmt":"2021-07-16T11:47:03","slug":"spotaknie-z-cyklu-opowiedz-mi-swoja-historie-z-przedstawicielami-polskiego-towarzystwo-towarzystwa-sprawiedliwych-wsrod-narodow-swiata","status":"publish","type":"post","link":"https:\/\/shalom.org.pl\/en\/spotaknie-z-cyklu-opowiedz-mi-swoja-historie-z-przedstawicielami-polskiego-towarzystwo-towarzystwa-sprawiedliwych-wsrod-narodow-swiata\/","title":{"rendered":"Spotkanie z cyklu \u201eOpowiedz mi swoja histori\u0119\u201d z Tadeuszem Stankiewiczem i Ann\u0105 Bando, przedstawicielami Polskiego Towarzystwo Towarzystwa Sprawiedliwych W\u015br\u00f3d Narod\u00f3w \u015awiata"},"content":{"rendered":"<h3><strong>Spotkanie z cyklu \u201eOpowiedz mi swoja histori\u0119\u201d z Tadeuszem Stankiewiczem i Ann\u0105 Bando, przedstawicielami Polskiego Towarzystwa Sprawiedliwych W\u015br\u00f3d Narod\u00f3w \u015awiata<\/strong><\/h3>\n<p>&nbsp;<\/p>\n<p>Prowadzenie:<strong> Jan Ordy\u0144ski<\/strong><\/p>\n<p>&nbsp;<\/p>\n<hr>\n<p><span style=\"font-size: 10pt;\"><strong>Austriackie Forum Kultury<\/strong><strong>, ul. Pr\u00f3\u017cna 7\/9<\/strong><\/span><\/p>\n<p><span style=\"font-size: 10pt;\">Wst\u0119p po potwierdzeniu obecno\u015bci od 3 sierpnia na: <a href=\"mailto:warschau-kf@bmeia.gv.at\">warschau-kf@bmeia.gv.at<\/a><strong>; <\/strong>miejsca nie s\u0105 numerowane<\/span><\/p>\n<p><span style=\"font-size: 10pt;\">Wydarzenie transmitowane tak\u017ce on-line \u2013 na profilach Austriackiego Forum Kultury i Festiwalu Warszawa Singera na Facebooku<\/span><\/p>\n<p>&nbsp;<\/p>\n","protected":false},"excerpt":{"rendered":"<p>Spotkanie z cyklu \u201eOpowiedz mi swoja histori\u0119\u201d z Tadeuszem Stankiewiczem i Ann\u0105 Bando, przedstawicielami Polskiego Towarzystwa Sprawiedliwych W\u015br\u00f3d Narod\u00f3w \u015awiata [&hellip;]<\/p>\n","protected":false},"author":5,"featured_media":0,"comment_status":"open","ping_status":"open","sticky":false,"template":"","format":"standard","meta":{"_acf_changed":false,"ngg_post_thumbnail":0,"footnotes":""},"categories":[53],"tags":[75],"class_list":["post-13254","post","type-post","status-publish","format-standard","hentry","category-program","tag-spotkanie"],"acf":[],"_links":{"self":[{"href":"https:\/\/shalom.org.pl\/en\/wp-json\/wp\/v2\/posts\/13254","targetHints":{"allow":["GET"]}}],"collection":[{"href":"https:\/\/shalom.org.pl\/en\/wp-json\/wp\/v2\/posts"}],"about":[{"href":"https:\/\/shalom.org.pl\/en\/wp-json\/wp\/v2\/types\/post"}],"author":[{"embeddable":true,"href":"https:\/\/shalom.org.pl\/en\/wp-json\/wp\/v2\/users\/5"}],"replies":[{"embeddable":true,"href":"https:\/\/shalom.org.pl\/en\/wp-json\/wp\/v2\/comments?post=13254"}],"version-history":[{"count":4,"href":"https:\/\/shalom.org.pl\/en\/wp-json\/wp\/v2\/posts\/13254\/revisions"}],"predecessor-version":[{"id":13729,"href":"https:\/\/shalom.org.pl\/en\/wp-json\/wp\/v2\/posts\/13254\/revisions\/13729"}],"wp:attachment":[{"href":"https:\/\/shalom.org.pl\/en\/wp-json\/wp\/v2\/media?parent=13254"}],"wp:term":[{"taxonomy":"category","embeddable":true,"href":"https:\/\/shalom.org.pl\/en\/wp-json\/wp\/v2\/categories?post=13254"},{"taxonomy":"post_tag","embeddable":true,"href":"https:\/\/shalom.org.pl\/en\/wp-json\/wp\/v2\/tags?post=13254"}],"curies":[{"name":"wp","href":"https:\/\/api.w.org\/{rel}","templated":true}]}}