{"id":13252,"date":"2021-06-20T17:31:48","date_gmt":"2021-06-20T15:31:48","guid":{"rendered":"http:\/\/shalom.org.pl\/?p=13252"},"modified":"2021-07-19T21:47:52","modified_gmt":"2021-07-19T19:47:52","slug":"spektakl-makabreska-rez-jan-kaminski-spektakl-studentow-akademii-teatralnej-im-a-zelwerowicza","status":"publish","type":"post","link":"https:\/\/shalom.org.pl\/en\/spektakl-makabreska-rez-jan-kaminski-spektakl-studentow-akademii-teatralnej-im-a-zelwerowicza\/","title":{"rendered":"Spektakl: \u201eMAKABRESKA\u201d, re\u017c. Jan Kami\u0144ski \u2013 spektakl studenta Akademii Teatralnej im. A. Zelwerowicza"},"content":{"rendered":"<h3><strong>Spektakl: \u201eMAKABRESKA\u201d, re\u017c. Jan Kami\u0144ski \u2013 spektakl studenta Akademii Teatralnej im. A. Zelwerowicza<\/strong><\/h3>\n<p>Autor, re\u017cyser: <strong>Jan Kami\u0144ski<\/strong>, scenografia, kostiumy: <strong>Alicja Desperak<\/strong><\/p>\n<p>Obsada: <strong>Helena Urba\u0144ska<\/strong>, <strong>Monika Cieciora<\/strong>, <strong>Nikodem Ksi\u0119\u017cak<\/strong>, <strong>Bartosz W\u0142odarczyk<\/strong><\/p>\n<p>Makabreska rozpoczyna si\u0119 przebudzeniem &#8211; lub w samej rzeczy za\u015bni\u0119ciem &#8211; Syna w jego domu rodzinnym. Budzi si\u0119 z poczuciem nieprzystawania, jakby zasady rz\u0105dz\u0105ce \u015bwiatem nie mia\u0142y ju\u017c sensu, lub raczej jakby nie mia\u0142 ju\u017c cierpliwo\u015bci na uczestnictwo w ich absurdalnym, sztucznym teatrze. Decyduje si\u0119 wyrzec swojej roli i wyruszy\u0107 na podr\u00f3\u017c wg\u0142\u0105b, w poszukiwaniu prawdy i rozgrzeszenia. Lecz najpierw musi by\u0107 s\u0119dzi\u0105: domaga si\u0119 zemsty za zbrodnie swojego ojca, kt\u00f3ry rzekomo mordowa\u0142 \u017byd\u00f3w w trakcie wojny. Poprzez groteskowe przywo\u0142ywania i gimnastyk\u0119 umys\u0142ow\u0105, s\u0142owa Syna zaczynaj\u0105 kszta\u0142towa\u0107 i stwarza\u0107 \u015bwiat pod\u0142ug jego woli. Przywo\u0142uj\u0105 jego matk\u0119, jego ojca, utracon\u0105 mi\u0142o\u015b\u0107 z czas\u00f3w dzieci\u0144stwa &#8211; Dor\u0119. Nie wiemy, czy to prawdziwi ludzie, czy jedynie fantomy. Czasami wydaj\u0105 si\u0119 podlega\u0107 rytmowi s\u0142\u00f3w Syna, to znowu buntuj\u0105 si\u0119 przeciw jego woli, walcz\u0105c o w\u0142adz\u0119 nad jego \u201cpokojem wyobra\u017ani\u201d. To poprzez relacje z tymi postaciami Syn egzekwuje swoj\u0105 sprawiedliwo\u015b\u0107, karz\u0105c jednych i nagradzaj\u0105c drugich.<\/p>\n<p>A jednak wygl\u0105da na to, \u017ce czego\u015b brakuje, jaka\u015b prawda musi jeszcze by\u0107 wypowiedziana i us\u0142yszana. Syn zmuszony jest wi\u0119c, by d\u0105\u017cy\u0107 g\u0142\u0119biej, w poszukiwaniu Boga. Przeobra\u017ca \u015bwiat w niekszta\u0142tn\u0105, groteskow\u0105 rzecz, z martwymi rybami ta\u0144cz\u0105cymi do melodii \u015bpiewanych przez jego rodzic\u00f3w, z domem zasypanym torebkami po herbacie, z wypchanym ba\u017cantem udaj\u0105cym Dzieci\u0105tko Jezus. Kszta\u0142tuje pozosta\u0142e postaci w aparycje Matki Bo\u017cej, Profesor Teologii, Uczniaka. Jako\u015b nie potrafi uzasadni\u0107 z\u0142a \u015bwiata, ani poprzez rozum, ani wiedz\u0119, ani wiar\u0119. W Dorze widzi jedynie mi\u0142o\u015b\u0107 utracon\u0105, i poprzez ni\u0105 Matka Boska musi go opu\u015bci\u0107. Jego pr\u00f3by zatrzymania jej jedynie go upokarzaj\u0105. Jego Matka, od kt\u00f3rej tak silnie chcia\u0142 si\u0119 uniezale\u017cni\u0107, wydaje si\u0119 pot\u0119\u017cniejsza i bardziej kontroluj\u0105ca ni\u017c kiedykolwiek. Jego Ojciec, przywo\u0142any w ten groteskowy \u015bwiat jedynie, by by\u0107 os\u0105dzonym, wydaje si\u0119 by\u0107 nie tylko niewinny, ale smutny, jakby wiedzia\u0142 co\u015b strasznego o swoim synu. My tak\u017ce nied\u0142ugo poznamy t\u0119 nieszcz\u0119\u015bliw\u0105 prawd\u0119 &#8211; jedyna odpowied\u017a, jak\u0105 Syn potrafi w sobie odnale\u017a\u0107, to zniszczenie \u015bwiata kt\u00f3ry zna, by na jego miejscu zbudowa\u0107 nowy.<\/p>\n<table style=\"border-collapse: collapse; width: 100%;\">\n<tbody>\n<tr>\n<td style=\"width: 28.5455%;\"><img fetchpriority=\"high\" decoding=\"async\" class=\"alignnone size-medium wp-image-13610\" src=\"http:\/\/shalom.org.pl\/wp-content\/uploads\/2021\/06\/Jan-Kami\u0144ski-200x300.jpg\" alt=\"\" width=\"200\" height=\"300\" srcset=\"https:\/\/shalom.org.pl\/wp-content\/uploads\/2021\/06\/Jan-Kami\u0144ski-200x300.jpg 200w, https:\/\/shalom.org.pl\/wp-content\/uploads\/2021\/06\/Jan-Kami\u0144ski-170x255.jpg 170w, https:\/\/shalom.org.pl\/wp-content\/uploads\/2021\/06\/Jan-Kami\u0144ski.jpg 328w\" sizes=\"(max-width: 200px) 100vw, 200px\" \/><\/td>\n<td style=\"width: 71.4545%;\"><span style=\"font-size: 10pt;\"><strong>Jan Kami\u0144ski<\/strong> (Jan Aikido) &#8211; ur. w 1998 r., student III roku na wydziale re\u017cyserii warszawskiej Akademii Teatralnej. Wcze\u015bniej studiowa\u0142 w ramach MISHiS na <\/span><span style=\"font-size: 10pt;\">Uniwersytecie im. Adama Mickiewicza w Poznaniu. Re\u017cyser, autor tekst\u00f3w i adaptacji. Raper, MC i lider podziemnego kolektywu Racja Sceny. Hermetysta chrze\u015bcija\u0144ski, badacz Apokalipsy. Poza szko\u0142\u0105 zrealizowa\u0142 przedstawienia Hadassa, czyli Estera wg biblijnej Ksi\u0119gi Estery (Teatr Lalka\/Muzeum POLIN) i Fragment dramatyczny I Samuela Becketta (Teatr Polski w Poznaniu). Asystent Anny Augustynowicz przy Kr\u00f3lu Learze (Teatr Modrzejewskiej w Legnicy\/Teatr Kochanowskiego w Opolu).<\/span><\/td>\n<\/tr>\n<\/tbody>\n<\/table>\n<hr>\n<p><span style=\"font-size: 10pt;\"><strong>Scena Kameralna Teatru \u017bydowskiego,<\/strong><strong> ul. Senatorska 35<\/strong><\/span><\/p>\n<p><span style=\"font-size: 10pt;\">Wst\u0119p po potwierdzeniu obecno\u015bci od 3 do 19 sierpnia w Biurze Festiwalowym \u2013 ul. Senatorska 35, tel. 578&nbsp;550&nbsp;797, 576&nbsp;044&nbsp;547; miejsca nie s\u0105 numerowane<\/span><\/p>\n<hr>\n<p><span style=\"font-size: 10pt;\"><em>Zorganizowano we wsp\u00f3\u0142pracy z Akademi\u0105 Teatraln\u0105 im. A. Zelwerowicza<\/em><\/span><\/p>\n<p><img decoding=\"async\" class=\"alignnone wp-image-13444\" src=\"http:\/\/shalom.org.pl\/wp-content\/uploads\/2021\/06\/AT-LOGO-Podstawowe-269x300.jpg\" alt=\"\" width=\"147\" height=\"164\" srcset=\"https:\/\/shalom.org.pl\/wp-content\/uploads\/2021\/06\/AT-LOGO-Podstawowe-269x300.jpg 269w, https:\/\/shalom.org.pl\/wp-content\/uploads\/2021\/06\/AT-LOGO-Podstawowe-768x857.jpg 768w, https:\/\/shalom.org.pl\/wp-content\/uploads\/2021\/06\/AT-LOGO-Podstawowe-918x1024.jpg 918w, https:\/\/shalom.org.pl\/wp-content\/uploads\/2021\/06\/AT-LOGO-Podstawowe-228x255.jpg 228w, https:\/\/shalom.org.pl\/wp-content\/uploads\/2021\/06\/AT-LOGO-Podstawowe-350x391.jpg 350w, https:\/\/shalom.org.pl\/wp-content\/uploads\/2021\/06\/AT-LOGO-Podstawowe.jpg 1388w\" sizes=\"(max-width: 147px) 100vw, 147px\" \/><\/p>\n","protected":false},"excerpt":{"rendered":"<p>Spektakl: \u201eMAKABRESKA\u201d, re\u017c. Jan Kami\u0144ski \u2013 spektakl studenta Akademii Teatralnej im. A. Zelwerowicza Autor, re\u017cyser: Jan Kami\u0144ski, scenografia, kostiumy: Alicja [&hellip;]<\/p>\n","protected":false},"author":5,"featured_media":0,"comment_status":"open","ping_status":"open","sticky":false,"template":"","format":"standard","meta":{"_acf_changed":false,"ngg_post_thumbnail":0,"footnotes":""},"categories":[53],"tags":[69],"class_list":["post-13252","post","type-post","status-publish","format-standard","hentry","category-program","tag-spektakl"],"acf":[],"_links":{"self":[{"href":"https:\/\/shalom.org.pl\/en\/wp-json\/wp\/v2\/posts\/13252","targetHints":{"allow":["GET"]}}],"collection":[{"href":"https:\/\/shalom.org.pl\/en\/wp-json\/wp\/v2\/posts"}],"about":[{"href":"https:\/\/shalom.org.pl\/en\/wp-json\/wp\/v2\/types\/post"}],"author":[{"embeddable":true,"href":"https:\/\/shalom.org.pl\/en\/wp-json\/wp\/v2\/users\/5"}],"replies":[{"embeddable":true,"href":"https:\/\/shalom.org.pl\/en\/wp-json\/wp\/v2\/comments?post=13252"}],"version-history":[{"count":5,"href":"https:\/\/shalom.org.pl\/en\/wp-json\/wp\/v2\/posts\/13252\/revisions"}],"predecessor-version":[{"id":13853,"href":"https:\/\/shalom.org.pl\/en\/wp-json\/wp\/v2\/posts\/13252\/revisions\/13853"}],"wp:attachment":[{"href":"https:\/\/shalom.org.pl\/en\/wp-json\/wp\/v2\/media?parent=13252"}],"wp:term":[{"taxonomy":"category","embeddable":true,"href":"https:\/\/shalom.org.pl\/en\/wp-json\/wp\/v2\/categories?post=13252"},{"taxonomy":"post_tag","embeddable":true,"href":"https:\/\/shalom.org.pl\/en\/wp-json\/wp\/v2\/tags?post=13252"}],"curies":[{"name":"wp","href":"https:\/\/api.w.org\/{rel}","templated":true}]}}