{"id":13249,"date":"2021-06-20T17:28:57","date_gmt":"2021-06-20T15:28:57","guid":{"rendered":"http:\/\/shalom.org.pl\/?p=13249"},"modified":"2021-08-22T21:18:20","modified_gmt":"2021-08-22T19:18:20","slug":"koncert-sanatorium-pod-klepsydra-bester-quartet-grazyna-auguscik-dorota-miskiewicz-krzysztof-lenczowski","status":"publish","type":"post","link":"https:\/\/shalom.org.pl\/en\/koncert-sanatorium-pod-klepsydra-bester-quartet-grazyna-auguscik-dorota-miskiewicz-krzysztof-lenczowski\/","title":{"rendered":"Koncert: \u201eSANATORIUM POD KLEPSYDR\u0104\u201d | BESTER QUARTET &#038; GRA\u017bYNA AUGU\u015aCIK, DOROTA MI\u015aKIEWICZ, KRZYSZTOF LENCZOWSKI"},"content":{"rendered":"<h3><strong>Koncert: \u201eSANATORIUM POD KLEPSYDR\u0104\u201d | BESTER QUARTET &amp; GRA\u017bYNA AUGU\u015aCIK, DOROTA MI\u015aKIEWICZ, KRZYSZTOF LENCZOWSKI<\/strong><\/h3>\n<p>Muzyka:<strong> John Zorn, Jaros\u0142aw Bester<\/strong>, aran\u017cacja: <strong>Jaros\u0142aw Bester<\/strong>, scenariusz i re\u017cyseria:<strong> Miron Zajfert <\/strong><\/p>\n<p>Wyst\u0105pi\u0105:<strong> Bester Quartet <\/strong>w sk\u0142adzie:<strong> Jaros\u0142aw Bester <\/strong>(akordeon), <strong>Dawid Lubowicz <\/strong>(skrzypce),<strong> Maciej Adamczak <\/strong>(kontrabas),<strong> Ryszard Pa\u0142ka <\/strong>(perkusja) oraz<strong> Gra\u017cyna Augu\u015bcik <\/strong>(\u015bpiew),<strong> Dorota Mi\u015bkiewicz <\/strong>(\u015bpiew),<strong> Krzysztof Lenczowski <\/strong>(wiolonczela)<\/p>\n<p>W projekcie wykorzystano wiersz \u201eLibe-lid\u201d autorstwa Debory Vogel<\/p>\n<p>Tchn\u0105ce geniuszem tematy muzyczne stworzone ponad dwie dekady temu przez wybitnego ameryka\u0144skiego kompozytora Johna Zorna, w przygotowanej specjalnie na Festiwal Warszawa Singera aran\u017cacji znakomitego akordeonisty, kompozytora i aran\u017cera Jaros\u0142awa Bestera. W po\u0142\u0105czeniu z wokalem Doroty Mi\u015bkiewicz i Gra\u017cyny Augu\u015bcik, przy akompaniamencie Bester Quartet z go\u015bcinnym udzia\u0142em wiolonczelisty Krzysztofa Lenczowskiego, to wprost uczta dla koneser\u00f3w dobrego brzmienia z dusz\u0105 literack\u0105.<\/p>\n<table style=\"border-collapse: collapse; width: 100%;\">\n<tbody>\n<tr>\n<td style=\"width: 29.0909%;\">\n<p><div id=\"attachment_13554\" style=\"width: 210px\" class=\"wp-caption alignnone\"><img fetchpriority=\"high\" decoding=\"async\" aria-describedby=\"caption-attachment-13554\" class=\"wp-image-13554 size-medium\" src=\"http:\/\/shalom.org.pl\/wp-content\/uploads\/2021\/07\/Dorota-Mi\u015bkiewicz-2-fot.-Kuba-Majerczyk-200x300.jpg\" alt=\"\" width=\"200\" height=\"300\" srcset=\"https:\/\/shalom.org.pl\/wp-content\/uploads\/2021\/07\/Dorota-Mi\u015bkiewicz-2-fot.-Kuba-Majerczyk-200x300.jpg 200w, https:\/\/shalom.org.pl\/wp-content\/uploads\/2021\/07\/Dorota-Mi\u015bkiewicz-2-fot.-Kuba-Majerczyk-768x1152.jpg 768w, https:\/\/shalom.org.pl\/wp-content\/uploads\/2021\/07\/Dorota-Mi\u015bkiewicz-2-fot.-Kuba-Majerczyk-683x1024.jpg 683w, https:\/\/shalom.org.pl\/wp-content\/uploads\/2021\/07\/Dorota-Mi\u015bkiewicz-2-fot.-Kuba-Majerczyk-170x255.jpg 170w, https:\/\/shalom.org.pl\/wp-content\/uploads\/2021\/07\/Dorota-Mi\u015bkiewicz-2-fot.-Kuba-Majerczyk-350x525.jpg 350w\" sizes=\"(max-width: 200px) 100vw, 200px\" \/><p id=\"caption-attachment-13554\" class=\"wp-caption-text\">Dorota Mi\u015bkiewicz, fot. Kuba Majerczyk<\/p><\/div><\/td>\n<td style=\"width: 33.2121%;\">\n<p><div id=\"attachment_13555\" style=\"width: 247px\" class=\"wp-caption alignnone\"><img decoding=\"async\" aria-describedby=\"caption-attachment-13555\" class=\"wp-image-13555 size-medium\" src=\"http:\/\/shalom.org.pl\/wp-content\/uploads\/2021\/07\/Gra\u017cyna-Augu\u015bcik-1-fot.-Krystyna-Andryszkiewicz-237x300.jpg\" alt=\"\" width=\"237\" height=\"300\" srcset=\"https:\/\/shalom.org.pl\/wp-content\/uploads\/2021\/07\/Gra\u017cyna-Augu\u015bcik-1-fot.-Krystyna-Andryszkiewicz-237x300.jpg 237w, https:\/\/shalom.org.pl\/wp-content\/uploads\/2021\/07\/Gra\u017cyna-Augu\u015bcik-1-fot.-Krystyna-Andryszkiewicz-768x972.jpg 768w, https:\/\/shalom.org.pl\/wp-content\/uploads\/2021\/07\/Gra\u017cyna-Augu\u015bcik-1-fot.-Krystyna-Andryszkiewicz-809x1024.jpg 809w, https:\/\/shalom.org.pl\/wp-content\/uploads\/2021\/07\/Gra\u017cyna-Augu\u015bcik-1-fot.-Krystyna-Andryszkiewicz-201x255.jpg 201w, https:\/\/shalom.org.pl\/wp-content\/uploads\/2021\/07\/Gra\u017cyna-Augu\u015bcik-1-fot.-Krystyna-Andryszkiewicz-350x443.jpg 350w\" sizes=\"(max-width: 237px) 100vw, 237px\" \/><p id=\"caption-attachment-13555\" class=\"wp-caption-text\">Gra\u017cyna Augu\u015bcik, fot. Krystyna Andryszkiewicz<\/p><\/div><\/td>\n<td style=\"width: 37.6969%;\">\n<p><div id=\"attachment_13556\" style=\"width: 210px\" class=\"wp-caption alignnone\"><img decoding=\"async\" aria-describedby=\"caption-attachment-13556\" class=\"wp-image-13556 size-medium\" src=\"http:\/\/shalom.org.pl\/wp-content\/uploads\/2021\/07\/Krzysztof-Lenczowski-1-fot.-Joanna-Wizmur-200x300.jpg\" alt=\"\" width=\"200\" height=\"300\" srcset=\"https:\/\/shalom.org.pl\/wp-content\/uploads\/2021\/07\/Krzysztof-Lenczowski-1-fot.-Joanna-Wizmur-200x300.jpg 200w, https:\/\/shalom.org.pl\/wp-content\/uploads\/2021\/07\/Krzysztof-Lenczowski-1-fot.-Joanna-Wizmur-768x1151.jpg 768w, https:\/\/shalom.org.pl\/wp-content\/uploads\/2021\/07\/Krzysztof-Lenczowski-1-fot.-Joanna-Wizmur-684x1024.jpg 684w, https:\/\/shalom.org.pl\/wp-content\/uploads\/2021\/07\/Krzysztof-Lenczowski-1-fot.-Joanna-Wizmur-170x255.jpg 170w, https:\/\/shalom.org.pl\/wp-content\/uploads\/2021\/07\/Krzysztof-Lenczowski-1-fot.-Joanna-Wizmur-350x524.jpg 350w\" sizes=\"(max-width: 200px) 100vw, 200px\" \/><p id=\"caption-attachment-13556\" class=\"wp-caption-text\">Krzysztof Lenczowski, fot. Joanna Wizmur<\/p><\/div><\/td>\n<\/tr>\n<\/tbody>\n<\/table>\n<p>Zamkni\u0119te w dedykowany pami\u0119ci Bruno Schulza cykl \u201eSanatorium pod klepsydr\u0105\u201d, zjawiskowe aran\u017cacje \u201ezornowskich\u201d temat\u00f3w, idealnie uzupe\u0142niaj\u0105 tajemniczy \u015bwiat zmys\u0142owych, literackich fantazji genialnego tw\u00f3rcy z Drohobycza. Jaros\u0142aw Bester po mistrzowsku po\u0142\u0105czy\u0142 nostalgi\u0119 za przesz\u0142o\u015bci\u0105 z odwa\u017cnym spojrzeniem na tera\u017aniejszo\u015b\u0107. Powsta\u0142a nadzwyczaj sp\u00f3jna i nowatorska muzycznie ca\u0142o\u015b\u0107. Wype\u0142niaj\u0105 j\u0105 zawieszone na granicy snu i jawy, brzmieniowe wizje, bezb\u0142\u0119dnie nawi\u0105zuj\u0105ce do wielkiej prozy. \u201eSanatorium pod klepsydr\u0105\u201d to urzekaj\u0105co pi\u0119kna, magiczna podr\u00f3\u017c, w kt\u00f3rej \u015bwiat Schulza nie przestaje zdumiewa\u0107 i fascynowa\u0107. Jej symbolicznym fina\u0142em jest wiersz \u201eLibe-lid\u201d, wielkiej przyjaci\u00f3\u0142ki Schulza Debory Vogel, z autorsk\u0105 muzyk\u0105 Bestera.<\/p>\n<div id=\"attachment_13553\" style=\"width: 610px\" class=\"wp-caption alignnone\"><img loading=\"lazy\" decoding=\"async\" aria-describedby=\"caption-attachment-13553\" class=\"wp-image-13553\" src=\"http:\/\/shalom.org.pl\/wp-content\/uploads\/2021\/07\/Bester-Quartet-fot.-Jakub-S\u0142abek-300x169.png\" alt=\"\" width=\"600\" height=\"337\" srcset=\"https:\/\/shalom.org.pl\/wp-content\/uploads\/2021\/07\/Bester-Quartet-fot.-Jakub-S\u0142abek-300x169.png 300w, https:\/\/shalom.org.pl\/wp-content\/uploads\/2021\/07\/Bester-Quartet-fot.-Jakub-S\u0142abek-768x432.png 768w, https:\/\/shalom.org.pl\/wp-content\/uploads\/2021\/07\/Bester-Quartet-fot.-Jakub-S\u0142abek-1024x576.png 1024w, https:\/\/shalom.org.pl\/wp-content\/uploads\/2021\/07\/Bester-Quartet-fot.-Jakub-S\u0142abek-454x255.png 454w, https:\/\/shalom.org.pl\/wp-content\/uploads\/2021\/07\/Bester-Quartet-fot.-Jakub-S\u0142abek-350x197.png 350w\" sizes=\"(max-width: 600px) 100vw, 600px\" \/><p id=\"caption-attachment-13553\" class=\"wp-caption-text\">Bester Quarter, fot. Jakub S\u0142abek<\/p><\/div>\n<hr>\n<p><span style=\"font-size: 10pt;\"><strong>Teatr Kwadrat, ul. Marsza\u0142kowska 138<\/strong><\/span><\/p>\n<p><span style=\"font-size: 10pt;\">Bilety: 80\/60 PLN \u2013 do nabycia na: www.ebilet.pl, www.teatr-zydowski.art.pl, w Biurze Organizacji Widowni tel. 22 526 20 34; 22 850 64 50 lub 51 oraz w kasach Teatru \u017bydowskiego, ul. Senatorska 35, tel. 22 850 64 35 lub w Klubie Dow\u00f3dztwa Garnizonu Warszawa, al. Niepodleg\u0142o\u015bci 141a, tel. 22 850 56 56 <\/span><\/p>\n<p><span style=\"font-size: 10pt;\">Koncert transmitowany on-line przez Polskie Radio Program II<\/span><\/p>\n<p>&nbsp;<\/p>\n","protected":false},"excerpt":{"rendered":"<p>Koncert: \u201eSANATORIUM POD KLEPSYDR\u0104\u201d | BESTER QUARTET &amp; GRA\u017bYNA AUGU\u015aCIK, DOROTA MI\u015aKIEWICZ, KRZYSZTOF LENCZOWSKI Muzyka: John Zorn, Jaros\u0142aw Bester, aran\u017cacja: [&hellip;]<\/p>\n","protected":false},"author":5,"featured_media":0,"comment_status":"open","ping_status":"open","sticky":false,"template":"","format":"standard","meta":{"_acf_changed":false,"ngg_post_thumbnail":0,"footnotes":""},"categories":[53],"tags":[71],"class_list":["post-13249","post","type-post","status-publish","format-standard","hentry","category-program","tag-koncert"],"acf":[],"_links":{"self":[{"href":"https:\/\/shalom.org.pl\/en\/wp-json\/wp\/v2\/posts\/13249","targetHints":{"allow":["GET"]}}],"collection":[{"href":"https:\/\/shalom.org.pl\/en\/wp-json\/wp\/v2\/posts"}],"about":[{"href":"https:\/\/shalom.org.pl\/en\/wp-json\/wp\/v2\/types\/post"}],"author":[{"embeddable":true,"href":"https:\/\/shalom.org.pl\/en\/wp-json\/wp\/v2\/users\/5"}],"replies":[{"embeddable":true,"href":"https:\/\/shalom.org.pl\/en\/wp-json\/wp\/v2\/comments?post=13249"}],"version-history":[{"count":5,"href":"https:\/\/shalom.org.pl\/en\/wp-json\/wp\/v2\/posts\/13249\/revisions"}],"predecessor-version":[{"id":14572,"href":"https:\/\/shalom.org.pl\/en\/wp-json\/wp\/v2\/posts\/13249\/revisions\/14572"}],"wp:attachment":[{"href":"https:\/\/shalom.org.pl\/en\/wp-json\/wp\/v2\/media?parent=13249"}],"wp:term":[{"taxonomy":"category","embeddable":true,"href":"https:\/\/shalom.org.pl\/en\/wp-json\/wp\/v2\/categories?post=13249"},{"taxonomy":"post_tag","embeddable":true,"href":"https:\/\/shalom.org.pl\/en\/wp-json\/wp\/v2\/tags?post=13249"}],"curies":[{"name":"wp","href":"https:\/\/api.w.org\/{rel}","templated":true}]}}