{"id":13246,"date":"2021-06-20T17:25:41","date_gmt":"2021-06-20T15:25:41","guid":{"rendered":"http:\/\/shalom.org.pl\/?p=13246"},"modified":"2021-07-13T23:02:56","modified_gmt":"2021-07-13T21:02:56","slug":"program-muzyczno-kabaretowy-pudernice-majewska-trybalska","status":"publish","type":"post","link":"https:\/\/shalom.org.pl\/en\/program-muzyczno-kabaretowy-pudernice-majewska-trybalska\/","title":{"rendered":"Program muzyczno-kabaretowy: \u201ePUDERNICE\u201d | MAJEWSKA &#038;  TRYBALSKA"},"content":{"rendered":"<h3><strong>Program muzyczno-kabaretowy: \u201ePUDERNICE\u201d | MAJEWSKA &amp; TRYBALSKA<\/strong><\/h3>\n<p>Re\u017cyseria: <strong>Ma\u0142gorzata Majewska, Ma\u0142gorzata Trybalska, <\/strong>oprawa muzyczna i akompaniament:<strong> Teresa Wro\u0144ska <\/strong>(piano), scenografia: <strong>Ewa \u0141aniecka<\/strong><\/p>\n<p>Wyst\u0105pi\u0105: <strong>Ma\u0142gorzata Majewska, Ma\u0142gorzata Trybalska<\/strong><\/p>\n<p><img fetchpriority=\"high\" decoding=\"async\" class=\"alignnone wp-image-13411\" src=\"http:\/\/shalom.org.pl\/wp-content\/uploads\/2021\/07\/FS_2020_poniedzia\u0142ek_36-300x200.jpg\" alt=\"\" width=\"600\" height=\"400\" srcset=\"https:\/\/shalom.org.pl\/wp-content\/uploads\/2021\/07\/FS_2020_poniedzia\u0142ek_36-300x200.jpg 300w, https:\/\/shalom.org.pl\/wp-content\/uploads\/2021\/07\/FS_2020_poniedzia\u0142ek_36-768x512.jpg 768w, https:\/\/shalom.org.pl\/wp-content\/uploads\/2021\/07\/FS_2020_poniedzia\u0142ek_36-1024x683.jpg 1024w, https:\/\/shalom.org.pl\/wp-content\/uploads\/2021\/07\/FS_2020_poniedzia\u0142ek_36-382x255.jpg 382w, https:\/\/shalom.org.pl\/wp-content\/uploads\/2021\/07\/FS_2020_poniedzia\u0142ek_36-350x233.jpg 350w, https:\/\/shalom.org.pl\/wp-content\/uploads\/2021\/07\/FS_2020_poniedzia\u0142ek_36.jpg 1600w\" sizes=\"(max-width: 600px) 100vw, 600px\" \/><\/p>\n<p>Muzyczno-kabaretowy program aktorek Teatru \u017bydowskiego po\u015bwi\u0119cony urodzie, (tak urodzie!) Pan\u00f3w i Pa\u0144!<\/p>\n<p>Tak m\u00f3wi\u0105 o nim one same:<\/p>\n<p>\u201eW zabawny spos\u00f3b \u201esprzedajemy\u201d widzom doskona\u0142y kosmetyk. Krem i puder Tokalon.<\/p>\n<p>To autentyczny paryski kosmetyk z czas\u00f3w przedwojennych, kt\u00f3ry jest na rynku do dzisiaj.<\/p>\n<p>Nie s\u0142yszeli Pa\u0144stwo o nim? Zatem zapraszamy na nasz wiecz\u00f3r.<\/p>\n<p>Program jest okraszony piosenkami, zabawnymi scenkami, jest multimedialny, tym samym bardzo atrakcyjny dla Widz\u00f3w. Polecamy Pa\u0144stwu ten program.<\/p>\n<p>W programie wykorzystujemy teksty Jerzego Jurandota, Andrzeja W\u0142asta, Magdaleny Samozwaniec, oryginalne teksty z przedwojennych gazet oraz kompozycje w\u0142asne.\u201d<\/p>\n<p>&nbsp;<\/p>\n<table style=\"border-collapse: collapse; width: 100%;\">\n<tbody>\n<tr>\n<td style=\"width: 27.0909%;\"><img decoding=\"async\" class=\"alignnone size-medium wp-image-11152\" src=\"http:\/\/shalom.org.pl\/wp-content\/uploads\/2020\/07\/malgorzatamajewskafotmikolajstarzynski_0-200x300.jpg\" alt=\"\" width=\"200\" height=\"300\" srcset=\"https:\/\/shalom.org.pl\/wp-content\/uploads\/2020\/07\/malgorzatamajewskafotmikolajstarzynski_0-200x300.jpg 200w, https:\/\/shalom.org.pl\/wp-content\/uploads\/2020\/07\/malgorzatamajewskafotmikolajstarzynski_0-170x255.jpg 170w, https:\/\/shalom.org.pl\/wp-content\/uploads\/2020\/07\/malgorzatamajewskafotmikolajstarzynski_0.jpg 340w\" sizes=\"(max-width: 200px) 100vw, 200px\" \/><\/td>\n<td style=\"width: 72.9091%;\"><span style=\"font-size: 10pt;\"><strong>Ma\u0142gorzata Majewska <\/strong>w 2004 roku uko\u0144czy\u0142a Studio Aktorskie przy Teatrze \u017bydowskim i zda\u0142a egzamin eksternistyczny dla aktor\u00f3w dramatu. Jednak\u017ce ju\u017c w 1998 roku zadebiutowa\u0142a na scenie rol\u0105 Zosi w \u201eWeselu\u201d w re\u017cyserii Adama Hanuszkiewicza (Teatr Nowy w Warszawie). Wsp\u00f3\u0142pracuje z Teatrem Adekwatnym w Warszawie, w kt\u00f3rym zagra\u0142a w wielu spektaklach Magdy Teresy W\u00f3jcik (m.in. \u201ePan Tadeusz\u201d i \u201e\u015awi\u0119toszek\u201d). Na scenie Teatru \u017bydowskiego pojawi\u0142a si\u0119 po raz pierwszy w 2002 roku w roli Esterki w \u201eCudzie purymowym\u201d w re\u017cyserii Go\u0142dy Tencer. W kolejnych latach wyst\u0105pi\u0142a mi\u0119dzy innymi w roli Chawy w \u201eSkrzypku na dachu\u201d, Cypy w \u201e\u015anie o Goldfadenie\u201d, Lajsy w \u201eStrasznej gospodzie\u201d, Umar\u0142ej w \u201eW nocy na starym rynku\u201d, Marysi\u0119 w \u201eWyznaniu\u201d, Szoszy w \u201eSzoszy\u201d.<\/span><\/td>\n<\/tr>\n<tr>\n<td style=\"width: 27.0909%;\"><img decoding=\"async\" class=\"alignnone size-medium wp-image-11153\" src=\"http:\/\/shalom.org.pl\/wp-content\/uploads\/2020\/07\/malgorzatatrybalskafotmikolajstarzynski-200x300.jpg\" alt=\"\" width=\"200\" height=\"300\" srcset=\"https:\/\/shalom.org.pl\/wp-content\/uploads\/2020\/07\/malgorzatatrybalskafotmikolajstarzynski-200x300.jpg 200w, https:\/\/shalom.org.pl\/wp-content\/uploads\/2020\/07\/malgorzatatrybalskafotmikolajstarzynski-170x255.jpg 170w, https:\/\/shalom.org.pl\/wp-content\/uploads\/2020\/07\/malgorzatatrybalskafotmikolajstarzynski.jpg 340w\" sizes=\"(max-width: 200px) 100vw, 200px\" \/><\/td>\n<td style=\"width: 72.9091%;\"><span style=\"font-size: 10pt;\"><strong>Ma\u0142gorzata Trybalska <\/strong>w<\/span><span style=\"font-size: 10pt;\">&nbsp;2004 roku uko\u0144czy\u0142a Studium Aktorskie przy Teatrze \u017bydowskim w Warszawie oraz zda\u0142a aktorski egzamin eksternistyczny ZASP. Zadebiutowa\u0142a na scenie ju\u017c w 2002 roku rol\u0105 Ryfki w \u201eSkrzypku na dachu\u201d. Zagra\u0142a w spektaklach Jacka Papisa, El\u017cbiety Protakiewicz, Krzysztofa Rz\u0105czy\u0144skiego, Anny Smolar, Jana Szurmieja, Szymona Szurmieja. Na du\u017cym ekranie mo\u017cna j\u0105 by\u0142o zobaczy\u0107 w \u201ePiani\u015bcie\u201d oraz w filmie \u201eOstatni raz\u201d. Wsp\u00f3\u0142pracuje z kabaretami \u201eRamol\u201d i \u201eZygzak\u201d.<\/span><\/td>\n<\/tr>\n<\/tbody>\n<\/table>\n<p>&nbsp;<\/p>\n<hr>\n<p><span style=\"font-size: 10pt;\"><strong>Scena Letnia Teatru \u017bydowskiego,<\/strong><strong> ul. Senatorska 35<\/strong><\/span><\/p>\n<p><span style=\"font-size: 10pt;\">Bilety: 30 PLN \u2013 do nabycia na: www.ebilet.pl, www.teatr-zydowski.art.pl, w Biurze Organizacji Widowni tel. 22 526 20 34; 22 850 64 50 lub 51 oraz w kasach Teatru \u017bydowskiego, ul. Senatorska 35, tel. 22 850 64 35 lub w Klubie Dow\u00f3dztwa Garnizonu Warszawa, al. Niepodleg\u0142o\u015bci 141a, tel. 22 850 56 56 (szczeg\u00f3\u0142owe informacje na stronie www.shalom.org.pl); miejsca nie s\u0105 numerowane<\/span><\/p>\n<p>&nbsp;<\/p>\n","protected":false},"excerpt":{"rendered":"<p>Program muzyczno-kabaretowy: \u201ePUDERNICE\u201d | MAJEWSKA &amp; TRYBALSKA Re\u017cyseria: Ma\u0142gorzata Majewska, Ma\u0142gorzata Trybalska, oprawa muzyczna i akompaniament: Teresa Wro\u0144ska (piano), scenografia: [&hellip;]<\/p>\n","protected":false},"author":5,"featured_media":0,"comment_status":"open","ping_status":"open","sticky":false,"template":"","format":"standard","meta":{"_acf_changed":false,"ngg_post_thumbnail":0,"footnotes":""},"categories":[53],"tags":[71,69],"class_list":["post-13246","post","type-post","status-publish","format-standard","hentry","category-program","tag-koncert","tag-spektakl"],"acf":[],"_links":{"self":[{"href":"https:\/\/shalom.org.pl\/en\/wp-json\/wp\/v2\/posts\/13246","targetHints":{"allow":["GET"]}}],"collection":[{"href":"https:\/\/shalom.org.pl\/en\/wp-json\/wp\/v2\/posts"}],"about":[{"href":"https:\/\/shalom.org.pl\/en\/wp-json\/wp\/v2\/types\/post"}],"author":[{"embeddable":true,"href":"https:\/\/shalom.org.pl\/en\/wp-json\/wp\/v2\/users\/5"}],"replies":[{"embeddable":true,"href":"https:\/\/shalom.org.pl\/en\/wp-json\/wp\/v2\/comments?post=13246"}],"version-history":[{"count":4,"href":"https:\/\/shalom.org.pl\/en\/wp-json\/wp\/v2\/posts\/13246\/revisions"}],"predecessor-version":[{"id":13594,"href":"https:\/\/shalom.org.pl\/en\/wp-json\/wp\/v2\/posts\/13246\/revisions\/13594"}],"wp:attachment":[{"href":"https:\/\/shalom.org.pl\/en\/wp-json\/wp\/v2\/media?parent=13246"}],"wp:term":[{"taxonomy":"category","embeddable":true,"href":"https:\/\/shalom.org.pl\/en\/wp-json\/wp\/v2\/categories?post=13246"},{"taxonomy":"post_tag","embeddable":true,"href":"https:\/\/shalom.org.pl\/en\/wp-json\/wp\/v2\/tags?post=13246"}],"curies":[{"name":"wp","href":"https:\/\/api.w.org\/{rel}","templated":true}]}}