{"id":13245,"date":"2021-06-22T23:25:50","date_gmt":"2021-06-22T21:25:50","guid":{"rendered":"http:\/\/shalom.org.pl\/?p=13245"},"modified":"2021-08-12T22:51:31","modified_gmt":"2021-08-12T20:51:31","slug":"szabat-szalom-swiateczny-wieczor-na-placu-grzybowskim-golda-tencer-i-artysci-teatru-zydowskiego-w-warszawie","status":"publish","type":"post","link":"https:\/\/shalom.org.pl\/en\/szabat-szalom-swiateczny-wieczor-na-placu-grzybowskim-golda-tencer-i-artysci-teatru-zydowskiego-w-warszawie\/","title":{"rendered":"\u201eSZABAT SZALOM\u201d \u2013 \u015bwi\u0105teczny wiecz\u00f3r na Placu Grzybowskim |  Go\u0142da Tencer i arty\u015bci Teatru \u017bydowskiego w Warszawie"},"content":{"rendered":"<h3><strong>\u201eSZABAT SZALOM\u201d<\/strong> \u2013 <strong>\u015bwi\u0105teczny wiecz\u00f3r na Placu Grzybowskim<\/strong> | <strong>Go\u0142da Tencer i arty\u015bci Teatru \u017bydowskiego w Warszawie<\/strong><\/h3>\n<p>Prowadzenie: gospodyni Festiwalu Warszawa Singera \u2013 <strong>Go\u0142da Tencer <\/strong>oraz <strong>Etel Szyc<\/strong><\/p>\n<p>Wyst\u0105pi\u0105:<strong> Genady Iskhakov<\/strong>,<strong> Izabella Rzeszowska<\/strong>,<strong> Marek W\u0119glarski<\/strong><\/p>\n<p>Akompaniament<strong> Teresa Wro\u0144ska <\/strong>(piano)<\/p>\n<p><img fetchpriority=\"high\" decoding=\"async\" class=\"alignnone wp-image-12628\" src=\"http:\/\/shalom.org.pl\/wp-content\/uploads\/2020\/12\/FS_2020_piatek_41-300x200.jpg\" alt=\"\" width=\"800\" height=\"534\" srcset=\"https:\/\/shalom.org.pl\/wp-content\/uploads\/2020\/12\/FS_2020_piatek_41-300x200.jpg 300w, https:\/\/shalom.org.pl\/wp-content\/uploads\/2020\/12\/FS_2020_piatek_41-768x512.jpg 768w, https:\/\/shalom.org.pl\/wp-content\/uploads\/2020\/12\/FS_2020_piatek_41-1024x683.jpg 1024w, https:\/\/shalom.org.pl\/wp-content\/uploads\/2020\/12\/FS_2020_piatek_41-382x255.jpg 382w, https:\/\/shalom.org.pl\/wp-content\/uploads\/2020\/12\/FS_2020_piatek_41-350x233.jpg 350w, https:\/\/shalom.org.pl\/wp-content\/uploads\/2020\/12\/FS_2020_piatek_41.jpg 1600w\" sizes=\"(max-width: 800px) 100vw, 800px\" \/><\/p>\n<hr>\n<p><span style=\"font-size: 10pt;\"><strong>Skwer przy Placu Grzybowskim<\/strong><\/span><\/p>\n<p><span style=\"font-size: 10pt;\">Wst\u0119p po potwierdzeniu obecno\u015bci od 3 do 19 sierpnia w Biurze Festiwalowym \u2013 ul. Senatorska 35, tel. 578&nbsp;550&nbsp;797, 576&nbsp;044&nbsp;547; miejsca nie s\u0105 numerowane<\/span><\/p>\n","protected":false},"excerpt":{"rendered":"<p>\u201eSZABAT SZALOM\u201d \u2013 \u015bwi\u0105teczny wiecz\u00f3r na Placu Grzybowskim | Go\u0142da Tencer i arty\u015bci Teatru \u017bydowskiego w Warszawie Prowadzenie: gospodyni Festiwalu [&hellip;]<\/p>\n","protected":false},"author":5,"featured_media":0,"comment_status":"open","ping_status":"open","sticky":false,"template":"","format":"standard","meta":{"_acf_changed":false,"ngg_post_thumbnail":0,"footnotes":""},"categories":[53],"tags":[71,75],"class_list":["post-13245","post","type-post","status-publish","format-standard","hentry","category-program","tag-koncert","tag-spotkanie"],"acf":[],"_links":{"self":[{"href":"https:\/\/shalom.org.pl\/en\/wp-json\/wp\/v2\/posts\/13245","targetHints":{"allow":["GET"]}}],"collection":[{"href":"https:\/\/shalom.org.pl\/en\/wp-json\/wp\/v2\/posts"}],"about":[{"href":"https:\/\/shalom.org.pl\/en\/wp-json\/wp\/v2\/types\/post"}],"author":[{"embeddable":true,"href":"https:\/\/shalom.org.pl\/en\/wp-json\/wp\/v2\/users\/5"}],"replies":[{"embeddable":true,"href":"https:\/\/shalom.org.pl\/en\/wp-json\/wp\/v2\/comments?post=13245"}],"version-history":[{"count":4,"href":"https:\/\/shalom.org.pl\/en\/wp-json\/wp\/v2\/posts\/13245\/revisions"}],"predecessor-version":[{"id":14323,"href":"https:\/\/shalom.org.pl\/en\/wp-json\/wp\/v2\/posts\/13245\/revisions\/14323"}],"wp:attachment":[{"href":"https:\/\/shalom.org.pl\/en\/wp-json\/wp\/v2\/media?parent=13245"}],"wp:term":[{"taxonomy":"category","embeddable":true,"href":"https:\/\/shalom.org.pl\/en\/wp-json\/wp\/v2\/categories?post=13245"},{"taxonomy":"post_tag","embeddable":true,"href":"https:\/\/shalom.org.pl\/en\/wp-json\/wp\/v2\/tags?post=13245"}],"curies":[{"name":"wp","href":"https:\/\/api.w.org\/{rel}","templated":true}]}}