{"id":13241,"date":"2021-06-20T17:14:43","date_gmt":"2021-06-20T15:14:43","guid":{"rendered":"http:\/\/shalom.org.pl\/?p=13241"},"modified":"2021-07-12T22:35:48","modified_gmt":"2021-07-12T20:35:48","slug":"otwarcie-singer-jazz-festival-koncert-zespolu-rgg-mysterious-monuments-on-the-moon","status":"publish","type":"post","link":"https:\/\/shalom.org.pl\/en\/otwarcie-singer-jazz-festival-koncert-zespolu-rgg-mysterious-monuments-on-the-moon\/","title":{"rendered":"Otwarcie Singer Jazz Festival \u2013 koncert zapowiadaj\u0105cy now\u0105 p\u0142yt\u0119 zespo\u0142u RGG: \u201eMYSTERIOUS MONUMENTS ON THE MOON\u201d"},"content":{"rendered":"<h3><strong>Otwarcie Singer Jazz Festival \u2013 koncert zapowiadaj\u0105cy now\u0105 p\u0142yt\u0119 zespo\u0142u RGG: \u201eMYSTERIOUS MONUMENTS ON THE MOON\u201d<\/strong><\/h3>\n<p>Wyst\u0105pi\u0105:<strong> \u0141ukasz Ojdana <\/strong>(fortepian),<strong> Maciej Garbowski <\/strong>(kontrabas),<strong> Krzysztof Gradziuk <\/strong>(perkusja)<\/p>\n<p>Nowy album tria RGG \u2013 &#8220;Mysterious Monuments On The Moon&#8221; \u2013 nawi\u0105zuje do do\u015bwiadcze\u0144 artystycznych wynik\u0142ych z obcowania z ekspresj\u0105 artyst\u00f3w europejskich zapraszanych do wsp\u00f3\u0142pracy z zespo\u0142em: Evana Parkera i Trevora Wattsa, Verneriego Pohjoli i Samuela Blasera, a tak\u017ce dwuletniej wsp\u00f3\u0142pracy koncertowej z Tomaszem Sta\u0144k\u0105. Album jest te\u017c inspiracj\u0105 Stanis\u0142awem Lemem, kt\u00f3remu trio oddaje muzyczny ho\u0142d w utworze &#8220;Planet LEM&#8221; \u2013 odnosz\u0105cym si\u0119 do znakomitego zbioru felieton\u00f3w naszego klasyka literatury fantastycznej. Muzyka formacji wymyka si\u0119 tutaj klasyfikacjom, bo cz\u0142onkowie zespo\u0142u unikaj\u0105 g\u0142\u00f3wnego nurtu, \u0142atwych rozwi\u0105za\u0144 i oczywistego repertuaru. Z niespotykan\u0105 konsekwencj\u0105 i uporem tworz\u0105 w\u0142asn\u0105 wizj\u0119 przestrzeni muzycznej, kt\u00f3ra w oczywisty spos\u00f3b przekracza granice jazzu.<\/p>\n<p><img fetchpriority=\"high\" decoding=\"async\" class=\"alignnone wp-image-13531\" src=\"http:\/\/shalom.org.pl\/wp-content\/uploads\/2021\/06\/RGG-1-300x200.jpg\" alt=\"\" width=\"600\" height=\"401\" srcset=\"https:\/\/shalom.org.pl\/wp-content\/uploads\/2021\/06\/RGG-1-300x200.jpg 300w, https:\/\/shalom.org.pl\/wp-content\/uploads\/2021\/06\/RGG-1-768x513.jpg 768w, https:\/\/shalom.org.pl\/wp-content\/uploads\/2021\/06\/RGG-1-382x255.jpg 382w, https:\/\/shalom.org.pl\/wp-content\/uploads\/2021\/06\/RGG-1-350x234.jpg 350w, https:\/\/shalom.org.pl\/wp-content\/uploads\/2021\/06\/RGG-1.jpg 1000w\" sizes=\"(max-width: 600px) 100vw, 600px\" \/><\/p>\n<p>W palecie kilkunastu rozpoznawalnych w kraju jazzowych tri\u00f3w fortepianowych zesp\u00f3\u0142 RGG zajmuje szczeg\u00f3ln\u0105 pozycj\u0119. Powsta\u0142a w 2001 roku formacja od 2013 roku dzia\u0142a w sk\u0142adzie: \u0141ukasz Ojdana (fortepian), Maciej Garbowski (kontrabas), Krzysztof Gradziuk (perkusja). Ca\u0142a tr\u00f3jka to absolwenci Instytutu Jazzu Akademii Muzycznej w Katowicach. To muzycy o sporym do\u015bwiadczeniu, z dorobkiem, kt\u00f3ry potwierdzaj\u0105 nagrody, wyr\u00f3\u017cnienia i stypendia. Ich zainteresowania si\u0119gaj\u0105 daleko poza jazz i poza muzyk\u0119, s\u0105 artystami o wyj\u0105tkowej, rzadko spotykanej \u015bwiadomo\u015bci tego, co robi\u0105 i do jakiego celu d\u0105\u017c\u0105. Sytuuj\u0105 si\u0119 wyra\u017anie w przestrzeni nie tylko jazzu, ale te\u017c wsp\u00f3\u0142czesnej muzyki improwizowanej o proweniencji europejskiej.<\/p>\n<hr>\n<p><span style=\"font-size: 10pt;\"><strong>Synagoga im. No\u017cyk\u00f3w<\/strong><strong>, ul. Twarda 6<\/strong><\/span><\/p>\n<p><span style=\"font-size: 10pt;\">Bilety: 50 PLN \u2013 do nabycia na: www.ebilet.pl, www.teatr-zydowski.art.pl, w Biurze Organizacji Widowni tel. 22 526 20 34; 22 850 64 50 lub 51 oraz w kasach Teatru \u017bydowskiego, ul. Senatorska 35, tel. 22 850 64 35 lub w Klubie Dow\u00f3dztwa Garnizonu Warszawa, al. Niepodleg\u0142o\u015bci 141a, tel. 22 850 56 56 (szczeg\u00f3\u0142owe informacje na stronie www.shalom.org.pl); miejsca nie s\u0105 numerowane, m\u0119\u017cczyzn obowi\u0105zuj\u0105 nakrycia g\u0142owy<\/span><\/p>\n","protected":false},"excerpt":{"rendered":"<p>Otwarcie Singer Jazz Festival \u2013 koncert zapowiadaj\u0105cy now\u0105 p\u0142yt\u0119 zespo\u0142u RGG: \u201eMYSTERIOUS MONUMENTS ON THE MOON\u201d Wyst\u0105pi\u0105: \u0141ukasz Ojdana (fortepian), [&hellip;]<\/p>\n","protected":false},"author":5,"featured_media":0,"comment_status":"open","ping_status":"open","sticky":false,"template":"","format":"standard","meta":{"_acf_changed":false,"ngg_post_thumbnail":0,"footnotes":""},"categories":[53],"tags":[71],"class_list":["post-13241","post","type-post","status-publish","format-standard","hentry","category-program","tag-koncert"],"acf":[],"_links":{"self":[{"href":"https:\/\/shalom.org.pl\/en\/wp-json\/wp\/v2\/posts\/13241","targetHints":{"allow":["GET"]}}],"collection":[{"href":"https:\/\/shalom.org.pl\/en\/wp-json\/wp\/v2\/posts"}],"about":[{"href":"https:\/\/shalom.org.pl\/en\/wp-json\/wp\/v2\/types\/post"}],"author":[{"embeddable":true,"href":"https:\/\/shalom.org.pl\/en\/wp-json\/wp\/v2\/users\/5"}],"replies":[{"embeddable":true,"href":"https:\/\/shalom.org.pl\/en\/wp-json\/wp\/v2\/comments?post=13241"}],"version-history":[{"count":3,"href":"https:\/\/shalom.org.pl\/en\/wp-json\/wp\/v2\/posts\/13241\/revisions"}],"predecessor-version":[{"id":13533,"href":"https:\/\/shalom.org.pl\/en\/wp-json\/wp\/v2\/posts\/13241\/revisions\/13533"}],"wp:attachment":[{"href":"https:\/\/shalom.org.pl\/en\/wp-json\/wp\/v2\/media?parent=13241"}],"wp:term":[{"taxonomy":"category","embeddable":true,"href":"https:\/\/shalom.org.pl\/en\/wp-json\/wp\/v2\/categories?post=13241"},{"taxonomy":"post_tag","embeddable":true,"href":"https:\/\/shalom.org.pl\/en\/wp-json\/wp\/v2\/tags?post=13241"}],"curies":[{"name":"wp","href":"https:\/\/api.w.org\/{rel}","templated":true}]}}