{"id":13239,"date":"2021-06-20T17:11:12","date_gmt":"2021-06-20T15:11:12","guid":{"rendered":"http:\/\/shalom.org.pl\/?p=13239"},"modified":"2021-07-12T22:22:08","modified_gmt":"2021-07-12T20:22:08","slug":"spacer-miejski-drewniane-pozostalosci-letniska-falenica-prowadzenie-katarzyna-chudynska-szuchnik","status":"publish","type":"post","link":"https:\/\/shalom.org.pl\/en\/spacer-miejski-drewniane-pozostalosci-letniska-falenica-prowadzenie-katarzyna-chudynska-szuchnik\/","title":{"rendered":"Spacer miejski: \u201eDrewniane pozosta\u0142o\u015bci Letniska Falenica\u201d, prowadzenie: Katarzyna Chudy\u0144ska-Szuchnik"},"content":{"rendered":"<h3><strong>Spacer miejski: \u201eDrewniane pozosta\u0142o\u015bci Letniska Falenica\u201d<\/strong>, prowadzenie: <strong>Katarzyna Chudy\u0144ska-Szuchnik<\/strong><\/h3>\n<p>&nbsp;<\/p>\n<hr>\n<p><span style=\"font-size: 10pt;\"><strong>Miejsce spotkania:<\/strong> Stacja PKP Falenica, pod muralem Pomara\u0144czarka<\/span><\/p>\n<p><span style=\"font-size: 10pt;\">Wst\u0119p po potwierdzeniu obecno\u015bci od 3 do 19 sierpnia w Biurze Festiwalowym \u2013 ul. Senatorska 35, tel. 578&nbsp;550&nbsp;797, 576&nbsp;044&nbsp;547; liczba miejsc ograniczona<\/span><\/p>\n","protected":false},"excerpt":{"rendered":"<p>Spacer miejski: \u201eDrewniane pozosta\u0142o\u015bci Letniska Falenica\u201d, prowadzenie: Katarzyna Chudy\u0144ska-Szuchnik &nbsp; Miejsce spotkania: Stacja PKP Falenica, pod muralem Pomara\u0144czarka Wst\u0119p po [&hellip;]<\/p>\n","protected":false},"author":5,"featured_media":0,"comment_status":"open","ping_status":"open","sticky":false,"template":"","format":"standard","meta":{"_acf_changed":false,"ngg_post_thumbnail":0,"footnotes":""},"categories":[53],"tags":[77],"class_list":["post-13239","post","type-post","status-publish","format-standard","hentry","category-program","tag-spacer"],"acf":[],"_links":{"self":[{"href":"https:\/\/shalom.org.pl\/en\/wp-json\/wp\/v2\/posts\/13239","targetHints":{"allow":["GET"]}}],"collection":[{"href":"https:\/\/shalom.org.pl\/en\/wp-json\/wp\/v2\/posts"}],"about":[{"href":"https:\/\/shalom.org.pl\/en\/wp-json\/wp\/v2\/types\/post"}],"author":[{"embeddable":true,"href":"https:\/\/shalom.org.pl\/en\/wp-json\/wp\/v2\/users\/5"}],"replies":[{"embeddable":true,"href":"https:\/\/shalom.org.pl\/en\/wp-json\/wp\/v2\/comments?post=13239"}],"version-history":[{"count":3,"href":"https:\/\/shalom.org.pl\/en\/wp-json\/wp\/v2\/posts\/13239\/revisions"}],"predecessor-version":[{"id":13526,"href":"https:\/\/shalom.org.pl\/en\/wp-json\/wp\/v2\/posts\/13239\/revisions\/13526"}],"wp:attachment":[{"href":"https:\/\/shalom.org.pl\/en\/wp-json\/wp\/v2\/media?parent=13239"}],"wp:term":[{"taxonomy":"category","embeddable":true,"href":"https:\/\/shalom.org.pl\/en\/wp-json\/wp\/v2\/categories?post=13239"},{"taxonomy":"post_tag","embeddable":true,"href":"https:\/\/shalom.org.pl\/en\/wp-json\/wp\/v2\/tags?post=13239"}],"curies":[{"name":"wp","href":"https:\/\/api.w.org\/{rel}","templated":true}]}}