{"id":13237,"date":"2021-06-20T17:06:26","date_gmt":"2021-06-20T15:06:26","guid":{"rendered":"http:\/\/shalom.org.pl\/?p=13237"},"modified":"2021-08-19T22:45:15","modified_gmt":"2021-08-19T20:45:15","slug":"klub-milosnikow-kultury-zydowskiej","status":"publish","type":"post","link":"https:\/\/shalom.org.pl\/en\/klub-milosnikow-kultury-zydowskiej\/","title":{"rendered":"Klub Mi\u0142o\u015bnik\u00f3w Kultury \u017bydowskiej: Spotkanie wok\u00f3\u0142 ksi\u0105\u017cki \u201eCyrk rodzinny\u201d Danilo Ki\u0161a"},"content":{"rendered":"<h3><strong>Klub Mi\u0142o\u015bnik\u00f3w Kultury \u017bydowskiej: Spotkanie wok\u00f3\u0142 ksi\u0105\u017cki \u201eCyrk rodzinny\u201d Danilo Ki\u0161a <\/strong><\/h3>\n<p>Prowadzenie:<strong> Danuta Cirli\u0107 Straszy\u0144ska <\/strong>i<strong> Piotr Pazi\u0144ski<\/strong><\/p>\n<p><img fetchpriority=\"high\" decoding=\"async\" class=\"alignnone size-medium wp-image-14531\" src=\"http:\/\/shalom.org.pl\/wp-content\/uploads\/2021\/06\/large_cyrk_rodzinny-196x300.jpg\" alt=\"\" width=\"196\" height=\"300\" srcset=\"https:\/\/shalom.org.pl\/wp-content\/uploads\/2021\/06\/large_cyrk_rodzinny-196x300.jpg 196w, https:\/\/shalom.org.pl\/wp-content\/uploads\/2021\/06\/large_cyrk_rodzinny-167x255.jpg 167w, https:\/\/shalom.org.pl\/wp-content\/uploads\/2021\/06\/large_cyrk_rodzinny-350x535.jpg 350w, https:\/\/shalom.org.pl\/wp-content\/uploads\/2021\/06\/large_cyrk_rodzinny.jpg 380w\" sizes=\"(max-width: 196px) 100vw, 196px\" \/><\/p>\n<p>Danilo Ki\u0161 to jeden z&nbsp;najwybitniejszych europejskich prozaik\u00f3w XX wieku, zachwycaj\u0105cy g\u0142\u0119bi\u0105 my\u015bli, doskona\u0142o\u015bci\u0105 formy, a&nbsp;nade wszystko osza\u0142amiaj\u0105cym pi\u0119knem j\u0119zyka. Nieprzypadkowo wymienia si\u0119 go jednym tchem obok Marcela Prousta i&nbsp;Brunona Schulza.<\/p>\n<p>Na&nbsp;<i>Cyrk rodzinny<\/i>, autobiograficzn\u0105 trylogi\u0119 powie\u015bciow\u0105, sk\u0142adaj\u0105 si\u0119&nbsp;<i>Wczesne smutki<\/i>,&nbsp;<i>Ogr\u00f3d, popi\u00f3\u0142<\/i>&nbsp;oraz&nbsp;<i>Klepsydra<\/i>&nbsp;\u2013 odmienne gatunkowo i&nbsp;stylistycznie, ale po\u0142\u0105czone mityczn\u0105 postaci\u0105 ojca, Edwarda Sama: \u017byda, genialnego ekscentryka uciekaj\u0105cego przed groz\u0105 rzeczywisto\u015bci w&nbsp;szale\u0144stwo, pijanego filozofa wyg\u0142aszaj\u0105cego w&nbsp;podrz\u0119dnych knajpach natchnione manifesty. Ten bo\u017cy szaleniec w&nbsp;ko\u0144cu zniknie w&nbsp;obozie koncentracyjnym, zostawiaj\u0105c po sobie cisz\u0119, kt\u00f3ra przysypie ogr\u00f3d jego bliskich jak popi\u00f3\u0142.<\/p>\n<p>Ki\u0161, bezgranicznie wierz\u0105cy w&nbsp;pot\u0119g\u0119 S\u0142owa, nieustannie przekracza granice pomi\u0119dzy \u017cyciem a&nbsp;literatur\u0105, w&nbsp;tej ostatniej znajduj\u0105c potwierdzenie realno\u015bci bytu, dow\u00f3d, \u201e\u017ce kiedy\u015b istnia\u0142em i&nbsp;\u017ce istnia\u0142 m\u00f3j ojciec\u201d.<\/p>\n<p>Ksi\u0105\u017cka ze wst\u0119pem Krzysztofa Vargi i&nbsp;pos\u0142owiem Danuty Cirli\u0107-Straszy\u0144skiej<\/p>\n<p>(Wydawnictwo Czarne)<\/p>\n<hr>\n<p><span style=\"font-size: 10pt;\"><strong>Austriackie Forum Kultury<\/strong><strong>, ul. Pr\u00f3\u017cna 7\/9<\/strong><\/span><\/p>\n<p><span style=\"font-size: 10pt;\">Wst\u0119p po potwierdzeniu obecno\u015bci od 3 sierpnia na: warschau-kf@bmeia.gv.at, liczba miejsc ograniczona<\/span><\/p>\n<p><span style=\"font-size: 10pt;\">Wydarzenie transmitowane tak\u017ce on-line \u2013 na profilach Austriackiego Forum Kultury i Festiwalu Warszawa Singera na Facebooku<\/span><\/p>\n","protected":false},"excerpt":{"rendered":"<p>Klub Mi\u0142o\u015bnik\u00f3w Kultury \u017bydowskiej: Spotkanie wok\u00f3\u0142 ksi\u0105\u017cki \u201eCyrk rodzinny\u201d Danilo Ki\u0161a Prowadzenie: Danuta Cirli\u0107 Straszy\u0144ska i Piotr Pazi\u0144ski Danilo Ki\u0161 [&hellip;]<\/p>\n","protected":false},"author":5,"featured_media":0,"comment_status":"open","ping_status":"open","sticky":false,"template":"","format":"standard","meta":{"_acf_changed":false,"ngg_post_thumbnail":0,"footnotes":""},"categories":[53],"tags":[73],"class_list":["post-13237","post","type-post","status-publish","format-standard","hentry","category-program","tag-salon-literacki"],"acf":[],"_links":{"self":[{"href":"https:\/\/shalom.org.pl\/en\/wp-json\/wp\/v2\/posts\/13237","targetHints":{"allow":["GET"]}}],"collection":[{"href":"https:\/\/shalom.org.pl\/en\/wp-json\/wp\/v2\/posts"}],"about":[{"href":"https:\/\/shalom.org.pl\/en\/wp-json\/wp\/v2\/types\/post"}],"author":[{"embeddable":true,"href":"https:\/\/shalom.org.pl\/en\/wp-json\/wp\/v2\/users\/5"}],"replies":[{"embeddable":true,"href":"https:\/\/shalom.org.pl\/en\/wp-json\/wp\/v2\/comments?post=13237"}],"version-history":[{"count":5,"href":"https:\/\/shalom.org.pl\/en\/wp-json\/wp\/v2\/posts\/13237\/revisions"}],"predecessor-version":[{"id":14533,"href":"https:\/\/shalom.org.pl\/en\/wp-json\/wp\/v2\/posts\/13237\/revisions\/14533"}],"wp:attachment":[{"href":"https:\/\/shalom.org.pl\/en\/wp-json\/wp\/v2\/media?parent=13237"}],"wp:term":[{"taxonomy":"category","embeddable":true,"href":"https:\/\/shalom.org.pl\/en\/wp-json\/wp\/v2\/categories?post=13237"},{"taxonomy":"post_tag","embeddable":true,"href":"https:\/\/shalom.org.pl\/en\/wp-json\/wp\/v2\/tags?post=13237"}],"curies":[{"name":"wp","href":"https:\/\/api.w.org\/{rel}","templated":true}]}}