{"id":13229,"date":"2021-06-20T13:54:27","date_gmt":"2021-06-20T11:54:27","guid":{"rendered":"http:\/\/shalom.org.pl\/?p=13229"},"modified":"2021-07-11T19:58:42","modified_gmt":"2021-07-11T17:58:42","slug":"czytanie-performatywne-biala-sila-czarna-pamiec-na-podst-ksiazki-marcina-kackiego-bialystok-biala-sila-czarna-pamiec-rez-joanna-rzaczynska","status":"publish","type":"post","link":"https:\/\/shalom.org.pl\/en\/czytanie-performatywne-biala-sila-czarna-pamiec-na-podst-ksiazki-marcina-kackiego-bialystok-biala-sila-czarna-pamiec-rez-joanna-rzaczynska\/","title":{"rendered":"Czytanie performatywne: \u201eBIA\u0141A SI\u0141A. CZARNA PAMI\u0118\u0106\u201d na podst. ksi\u0105\u017cki Marcina K\u0105ckiego \u201eBIA\u0141YSTOK. Bia\u0142a si\u0142a. Czarna pami\u0119\u0107\u201d, re\u017c. Joanna Rz\u0105czy\u0144ska"},"content":{"rendered":"<h3><strong>Czytanie performatywne: \u201eBIA\u0141A SI\u0141A. CZARNA PAMI\u0118\u0106\u201d na podst. ksi\u0105\u017cki Marcina K\u0105ckiego \u201eBIA\u0141YSTOK. Bia\u0142a si\u0142a. Czarna pami\u0119\u0107\u201d, re\u017c. Joanna Rz\u0105czy\u0144ska<\/strong><\/h3>\n<p>Adaptacja i re\u017cyseria:<strong> Joanna Rz\u0105czy\u0144ska<\/strong>, scenografia:<strong> Ewa \u0141aniecka<\/strong><\/p>\n<p>Obsada\/przygotowanie roli:<strong> Ryszard Kluge<\/strong>, <strong>Ma\u0142gorzata Majewska<\/strong>, <strong>Joanna Rz\u0105czy\u0144ska<\/strong>, <strong>Ma\u0142gorzata Trybalska<\/strong><\/p>\n<p>W Bia\u0142ymstoku narodzi\u0142 si\u0119 j\u0119zyk esperanto stworzony przez Ludwika Zamenhofa. Tu na Podlasiu mieszkali obok siebie Polacy, Ukrai\u0144cy, Bia\u0142orusini, \u017bydzi i Tatarzy. W medialnym przekazie jednak Bia\u0142ystok funkcjonuje jako miasto nieprzyjazne \u201einnym\u201d, pe\u0142nym swastyk na murach, antysemityzmu, rasizmu i kibolskich porachunk\u00f3w.<\/p>\n<p>Marcin K\u0105cki szuka \u015blad\u00f3w wymordowanych s\u0105siad\u00f3w, czyta tablice pami\u0105tkowe i akta prokuratorskie, rozmawia z mieszka\u0144cami wsi i blok\u00f3w, z m\u0142odymi neofaszystami.<\/p>\n<p>Z tego wielog\u0142osu wy\u0142ania si\u0119 portret \u201emiasta bez pami\u0119ci\u201d.<\/p>\n<p>Chcia\u0142abym na podstawie ksi\u0105\u017cki Marcina K\u0105ckiego stworzy\u0107 w\u0142a\u015bnie taki wielog\u0142os \u2013 mocny, bez taryfy ulgowej, ale i bez jednoznacznych ocen. [Joanna Rz\u0105czy\u0144ska]<\/p>\n<table style=\"border-collapse: collapse; width: 100%;\">\n<tbody>\n<tr>\n<td style=\"width: 27.9394%;\"><img fetchpriority=\"high\" decoding=\"async\" class=\"alignnone size-medium wp-image-13492\" src=\"http:\/\/shalom.org.pl\/wp-content\/uploads\/2021\/06\/joannarzaczynskafotmikolajstarzynski-200x300.jpg\" alt=\"\" width=\"200\" height=\"300\" srcset=\"https:\/\/shalom.org.pl\/wp-content\/uploads\/2021\/06\/joannarzaczynskafotmikolajstarzynski-200x300.jpg 200w, https:\/\/shalom.org.pl\/wp-content\/uploads\/2021\/06\/joannarzaczynskafotmikolajstarzynski-170x255.jpg 170w, https:\/\/shalom.org.pl\/wp-content\/uploads\/2021\/06\/joannarzaczynskafotmikolajstarzynski-350x525.jpg 350w, https:\/\/shalom.org.pl\/wp-content\/uploads\/2021\/06\/joannarzaczynskafotmikolajstarzynski.jpg 600w\" sizes=\"(max-width: 200px) 100vw, 200px\" \/><\/td>\n<td style=\"width: 72.0606%;\">\n<p class=\"title\"><span style=\"font-family: inherit; font-size: 10pt;\"><strong>Joanna Rz\u0105czy\u0144ska<\/strong> w 1999 roku uko\u0144czy\u0142a Wydzia\u0142 Aktorski Pa\u0144stwowej Wy\u017cszej Szko\u0142y Filmowej, Telewizyjnej i Teatralnej w \u0141odzi. <\/span><span style=\"font-size: 10pt; font-family: inherit;\">Wsp\u00f3\u0142pracowa\u0142a z Teatrem Ochoty w Warszawie, Teatrem Muzycznym w \u0141odzi, Teatrem na Woli im. Tadeusza \u0141omnickiego oraz Teatrem Telewizji. Ma na swoim koncie takie role jak: Chawa w&nbsp;\u201eSkrzypku na dachu\u201d, Viola w&nbsp;\u201eWieczorze Trzech kr\u00f3li\u201d, Aktorka w&nbsp;\u201eHamlecie\u201d, T\u0142usta Kobieta w&nbsp;\u201eKartotece\u201d, Mire\u0142e w&nbsp;\u201e\u015anie o Goldfadenie\u201d, Najsa w&nbsp;\u201eStrasznej gospodzie\u201d,&nbsp;Automatyczna sekretarka w&nbsp;\u201eWalizce\u201d czy Ruchele w&nbsp;\u201eRuchele wychodzi za m\u0105\u017c\u201d. Zagra\u0142a w wielu serialach i filmach fabularnych, m.in. jedn\u0105 z g\u0142\u00f3wnych r\u00f3l w filmie Krzysztofa Krauzego \u201eD\u0142ug\u201d.<\/span><\/p>\n<div class=\"field field-name-body\">\n<p><span style=\"font-size: 10pt;\">NAGRODY: <\/span><span style=\"font-size: 10pt;\">2016 \u2013 zespo\u0142owa nagroda aktorska na 56. Kaliskich Spotkaniach Teatralnych za udzia\u0142 w spektaklu \u201eAktorzy \u017cydowscy\u201d.<\/span><\/p>\n<\/div>\n<\/td>\n<\/tr>\n<\/tbody>\n<\/table>\n<p><strong><span style=\"font-size: 10pt;\">fot. Miko\u0142aj Starzy\u0144ski<\/span><\/strong><\/p>\n<hr>\n<p><span style=\"font-size: 10pt;\"><strong>Scena Kameralna Teatru \u017bydowskiego,<\/strong><strong> ul. Senatorska 35<\/strong><\/span><\/p>\n<p><span style=\"font-size: 10pt;\">Wst\u0119p po potwierdzeniu obecno\u015bci od 3 do 19 sierpnia w Biurze Festiwalowym \u2013 ul. Senatorska 35, tel. 578&nbsp;550&nbsp;797, 576&nbsp;044&nbsp;547; miejsca nie s\u0105 numerowane<\/span><\/p>\n","protected":false},"excerpt":{"rendered":"<p>Czytanie performatywne: \u201eBIA\u0141A SI\u0141A. CZARNA PAMI\u0118\u0106\u201d na podst. ksi\u0105\u017cki Marcina K\u0105ckiego \u201eBIA\u0141YSTOK. Bia\u0142a si\u0142a. Czarna pami\u0119\u0107\u201d, re\u017c. Joanna Rz\u0105czy\u0144ska Adaptacja [&hellip;]<\/p>\n","protected":false},"author":5,"featured_media":0,"comment_status":"open","ping_status":"open","sticky":false,"template":"","format":"standard","meta":{"_acf_changed":false,"ngg_post_thumbnail":0,"footnotes":""},"categories":[53],"tags":[69],"class_list":["post-13229","post","type-post","status-publish","format-standard","hentry","category-program","tag-spektakl"],"acf":[],"_links":{"self":[{"href":"https:\/\/shalom.org.pl\/en\/wp-json\/wp\/v2\/posts\/13229","targetHints":{"allow":["GET"]}}],"collection":[{"href":"https:\/\/shalom.org.pl\/en\/wp-json\/wp\/v2\/posts"}],"about":[{"href":"https:\/\/shalom.org.pl\/en\/wp-json\/wp\/v2\/types\/post"}],"author":[{"embeddable":true,"href":"https:\/\/shalom.org.pl\/en\/wp-json\/wp\/v2\/users\/5"}],"replies":[{"embeddable":true,"href":"https:\/\/shalom.org.pl\/en\/wp-json\/wp\/v2\/comments?post=13229"}],"version-history":[{"count":5,"href":"https:\/\/shalom.org.pl\/en\/wp-json\/wp\/v2\/posts\/13229\/revisions"}],"predecessor-version":[{"id":13495,"href":"https:\/\/shalom.org.pl\/en\/wp-json\/wp\/v2\/posts\/13229\/revisions\/13495"}],"wp:attachment":[{"href":"https:\/\/shalom.org.pl\/en\/wp-json\/wp\/v2\/media?parent=13229"}],"wp:term":[{"taxonomy":"category","embeddable":true,"href":"https:\/\/shalom.org.pl\/en\/wp-json\/wp\/v2\/categories?post=13229"},{"taxonomy":"post_tag","embeddable":true,"href":"https:\/\/shalom.org.pl\/en\/wp-json\/wp\/v2\/tags?post=13229"}],"curies":[{"name":"wp","href":"https:\/\/api.w.org\/{rel}","templated":true}]}}