{"id":13220,"date":"2021-06-20T13:44:56","date_gmt":"2021-06-20T11:44:56","guid":{"rendered":"http:\/\/shalom.org.pl\/?p=13220"},"modified":"2021-07-11T20:03:47","modified_gmt":"2021-07-11T18:03:47","slug":"wernisaz-wystawy-fotografii-shalom-kurt-klagsbrunn","status":"publish","type":"post","link":"https:\/\/shalom.org.pl\/en\/wernisaz-wystawy-fotografii-shalom-kurt-klagsbrunn\/","title":{"rendered":"Wernisa\u017c wystawy fotografii: \u201eShalom\u201d | Kurt Klagsbrunn"},"content":{"rendered":"<h3><strong>Wernisa\u017c wystawy fotografii: \u201eShalom\u201d | Kurt Klagsbrunn<\/strong><\/h3>\n<p>Kuratorka:<strong> Andrea Winklbauer<\/strong>, projekt wystawy:<strong> Schuberth i Schuberth<\/strong><\/p>\n<p>Wystawa otwarta od 22 sierpnia do 15 wrze\u015bnia<\/p>\n<p><img fetchpriority=\"high\" decoding=\"async\" class=\"alignnone wp-image-13497\" src=\"http:\/\/shalom.org.pl\/wp-content\/uploads\/2021\/06\/kurt-259x300.png\" alt=\"\" width=\"517\" height=\"600\" srcset=\"https:\/\/shalom.org.pl\/wp-content\/uploads\/2021\/06\/kurt-259x300.png 259w, https:\/\/shalom.org.pl\/wp-content\/uploads\/2021\/06\/kurt-768x891.png 768w, https:\/\/shalom.org.pl\/wp-content\/uploads\/2021\/06\/kurt-220x255.png 220w, https:\/\/shalom.org.pl\/wp-content\/uploads\/2021\/06\/kurt-350x406.png 350w, https:\/\/shalom.org.pl\/wp-content\/uploads\/2021\/06\/kurt.png 844w\" sizes=\"(max-width: 517px) 100vw, 517px\" \/><\/p>\n<p>Kurt Klagsbrunn, to fotograf urodzony w 1918 roku w Wiedniu, kt\u00f3ry w latach 1939 \u2013 1970 dokumentowa\u0142 \u017cycie Brazylii. Fotografowa\u0142 zar\u00f3wno wystawne przyj\u0119cia najbogatszych warstw spo\u0142ecznych, jak i \u017cycie zwyk\u0142ych ludzi. Jego modelami by\u0142y s\u0142awy: jak Orson Welles czy Evita Per\u00f3n, ale tak\u017ce rzucaj\u0105ce bukiety \u015blubne panny m\u0142ode, uliczni pucybuci czy rozmarzeni koneserzy kawy, uchwyceni na bulwarach. Klagsbrunn chcia\u0142 zosta\u0107 lekarzem, ale po ucieczce z Austrii w 1938 roku musia\u0142 zmieni\u0107 zaw\u00f3d. Wybra\u0142 pasj\u0119 swojej m\u0142odo\u015bci i szybko z samouka sta\u0142 si\u0119 pionierem fotografii spo\u0142ecznej. Opr\u00f3cz zdj\u0119\u0107 zwi\u0105zanych z mod\u0105, kultur\u0105 i przemys\u0142em, dokumentowa\u0142 rozw\u00f3j Brazylii, towarzyszy\u0142 powstawaniu nowej stolicy i utrwali\u0142 budow\u0119 Brasilii. Kurt Klagsbrunn do ko\u0144ca \u017cycia mieszka\u0142 w Brazylii, zmar\u0142 w Rio de Janeiro w 2005 roku.<\/p>\n<p>Od tego czasu spu\u015bcizn\u0105 ponad 250 000 negatyw\u00f3w opiekowa\u0142 si\u0119 jego siostrzeniec \u2013 Victor Klagsbrunn. W 2017 roku cz\u0119\u015b\u0107 zbior\u00f3w, wraz z listami, notatkami, zdj\u0119ciami i innymi wspomnieniami z \u017cycia rodziny Klagsbrunn w Floridsdorf i ich ucieczki do Rio przekaza\u0142 Muzeum \u017bydowskiemu w Wiedniu.<\/p>\n<hr>\n<p><span style=\"font-size: 10pt;\"><strong>Austriackie Forum Kultury<\/strong><strong>, ul. Pr\u00f3\u017cna 7\/9<\/strong><\/span><\/p>\n<p><span style=\"font-size: 10pt;\">Wst\u0119p po potwierdzeniu obecno\u015bci od 3 sierpnia na: warschau-kf@bmeia.gv.at, liczba miejsc ograniczona<\/span><\/p>\n<p><span style=\"font-size: 10pt;\">Wydarzenie transmitowane tak\u017ce on-line \u2013 na profilach Austriackiego Forum Kultury i Festiwalu Warszawa Singera na Facebooku<\/span><\/p>\n<hr>\n<p><span style=\"font-size: 10pt;\"><em>Zorganizowano we<\/em><em> wsp\u00f3\u0142pracy z Austriackim Forum Kultury oraz Muzeum \u017bydowskim w Wiedniu<\/em><\/span><\/p>\n","protected":false},"excerpt":{"rendered":"<p>Wernisa\u017c wystawy fotografii: \u201eShalom\u201d | Kurt Klagsbrunn Kuratorka: Andrea Winklbauer, projekt wystawy: Schuberth i Schuberth Wystawa otwarta od 22 sierpnia [&hellip;]<\/p>\n","protected":false},"author":5,"featured_media":0,"comment_status":"open","ping_status":"open","sticky":false,"template":"","format":"standard","meta":{"_acf_changed":false,"ngg_post_thumbnail":0,"footnotes":""},"categories":[53],"tags":[85],"class_list":["post-13220","post","type-post","status-publish","format-standard","hentry","category-program","tag-wystawa"],"acf":[],"_links":{"self":[{"href":"https:\/\/shalom.org.pl\/en\/wp-json\/wp\/v2\/posts\/13220","targetHints":{"allow":["GET"]}}],"collection":[{"href":"https:\/\/shalom.org.pl\/en\/wp-json\/wp\/v2\/posts"}],"about":[{"href":"https:\/\/shalom.org.pl\/en\/wp-json\/wp\/v2\/types\/post"}],"author":[{"embeddable":true,"href":"https:\/\/shalom.org.pl\/en\/wp-json\/wp\/v2\/users\/5"}],"replies":[{"embeddable":true,"href":"https:\/\/shalom.org.pl\/en\/wp-json\/wp\/v2\/comments?post=13220"}],"version-history":[{"count":3,"href":"https:\/\/shalom.org.pl\/en\/wp-json\/wp\/v2\/posts\/13220\/revisions"}],"predecessor-version":[{"id":13498,"href":"https:\/\/shalom.org.pl\/en\/wp-json\/wp\/v2\/posts\/13220\/revisions\/13498"}],"wp:attachment":[{"href":"https:\/\/shalom.org.pl\/en\/wp-json\/wp\/v2\/media?parent=13220"}],"wp:term":[{"taxonomy":"category","embeddable":true,"href":"https:\/\/shalom.org.pl\/en\/wp-json\/wp\/v2\/categories?post=13220"},{"taxonomy":"post_tag","embeddable":true,"href":"https:\/\/shalom.org.pl\/en\/wp-json\/wp\/v2\/tags?post=13220"}],"curies":[{"name":"wp","href":"https:\/\/api.w.org\/{rel}","templated":true}]}}