{"id":13206,"date":"2021-06-20T13:25:03","date_gmt":"2021-06-20T11:25:03","guid":{"rendered":"http:\/\/shalom.org.pl\/?p=13206"},"modified":"2021-07-17T21:37:33","modified_gmt":"2021-07-17T19:37:33","slug":"spotkanie-autorskie-o-dwujezycznej-ksiazce-albumie-andrzeja-krakowskiego-pt-polskie-oscary-co-kto-ile-jak-i-dlaczego-wyd-2021","status":"publish","type":"post","link":"https:\/\/shalom.org.pl\/en\/spotkanie-autorskie-o-dwujezycznej-ksiazce-albumie-andrzeja-krakowskiego-pt-polskie-oscary-co-kto-ile-jak-i-dlaczego-wyd-2021\/","title":{"rendered":"Spotkanie autorskie o dwuj\u0119zycznej ksi\u0105\u017cce\/albumie Andrzeja Krakowskiego pt. \u201ePolskie Oscary: co, kto, ile, jak i dlaczego?\u201d"},"content":{"rendered":"<h3><strong>Spotkanie autorskie o dwuj\u0119zycznej ksi\u0105\u017cce\/albumie Andrzeja Krakowskiego pt. \u201ePolskie Oscary: co, kto, ile, jak i dlaczego?\u201d <\/strong><\/h3>\n<p>(Wydawnictwo Blue Bird, 2021)<\/p>\n<p>Polska przyznaje si\u0119 do o\u015bmiu Oscar\u00f3w. Co si\u0119 sta\u0142o z pozosta\u0142ymi sze\u015b\u0107dziesi\u0119cioma?<\/p>\n<p>Prowadzenie:<strong> Janusz Zaorski<\/strong><\/p>\n<table style=\"border-collapse: collapse; width: 100%;\">\n<tbody>\n<tr>\n<td style=\"width: 26.6061%;\">\n<p><div id=\"attachment_13447\" style=\"width: 210px\" class=\"wp-caption alignnone\"><img decoding=\"async\" aria-describedby=\"caption-attachment-13447\" class=\"wp-image-13447\" src=\"http:\/\/shalom.org.pl\/wp-content\/uploads\/2021\/06\/krakowski_Fot.-Renata-Pajchel.png\" alt=\"\" width=\"200\" height=\"200\" srcset=\"https:\/\/shalom.org.pl\/wp-content\/uploads\/2021\/06\/krakowski_Fot.-Renata-Pajchel.png 294w, https:\/\/shalom.org.pl\/wp-content\/uploads\/2021\/06\/krakowski_Fot.-Renata-Pajchel-255x255.png 255w\" sizes=\"(max-width: 200px) 100vw, 200px\" \/><p id=\"caption-attachment-13447\" class=\"wp-caption-text\">fot. Renata Pajchel<\/p><\/div><\/td>\n<td style=\"width: 73.3939%;\"><span style=\"font-size: 10pt;\">Re\u017cyser, scenarzysta, producent filmowy, pedagog, pisarz i rysownik; profesor City University of New York i doktor sztuk filmowych. Studiowa\u0142 na Wydziale Re\u017cyserii PWSTiF w \u0141odzi. W 1968 pozbawiony polskiego obywatelstwa w czasie stypendium w Los Angeles, kontynuowa\u0142 nauk\u0119 w American Film Institute. Zrealizowa\u0142 blisko 70 film\u00f3w i seriali telewizyjnych. Producent, m.in. nominowanego do Oscara <em>\u201eCalifornia Reich\u201d<\/em>, zdobywca dw\u00f3ch nagr\u00f3d Emmy za seri\u0119 <em>\u201eWe Are New York\u201d<\/em> oraz popularnego na Broadwayu musicalu <em>\u201eKing David\u201d<\/em>. Re\u017cyser <em>\u201eLooking for Palladin\u201d<\/em>, <em>\u201eFarewell to my Country\u201d<\/em> i <em>\u201cCampfire Stories\u201d<\/em>. Autor scenariuszy 18 film\u00f3w m.in. <em>\u201cTriumph of the Spirit\u201d<\/em>, <em>\u201cEminent Domain\u201d<\/em>, <em>\u201cManagua\u201d<\/em>, <em>\u201cTides of War\u201d<\/em>, <em>\u201cGenghis Khan\u201d<\/em>, oraz kilkunastu ksi\u0105\u017cek, &nbsp;m.in, <em>\u201cPollywood: jak stworzyli\u015bmy Hollywood\u201d<\/em>, <em>\u201cPollywood II: uciekinierzy w raju\u201d<\/em>, <em>\u201cThe World Through the Eye of a Screenwriter\u201d, \u201cBronis\u0142aw Kaper: Od poczatku do konca\u201d <\/em>i dwuj\u0119zycznego albumu <em>\u201cPolish Oscars\/Polskie Oscary\u201d<\/em>. Autor i re\u017cyser szuk teatralnych, w\u015br\u00f3d nich: <em>\u201cLabirynt 53\/54\u201d, \u201eRejwach\u201d<\/em> oraz <em>\u201cBehind God\u2019s Back\u201d<\/em>. W latach 80. by\u0142 rysownikiem pisma <em>\u201eBusiness of Film\u201d, <\/em>ukazuj\u0105cego si\u0119 w Londynie i Los Angeles oraz <em>Foreign Confidential<\/em> i <em>\u201eReunion\u201968\u201d<\/em>. Dwuj\u0119zyczna ksi\u0105\u017cka rysunk\u00f3w pt. <em>\u201eDziura w ca\u0142ym\/Hole in the Whole\u201d<\/em> ukaza\u0142a si\u0119 w 2017 nak\u0142adem wydawnictwa Blue Bird.<\/span><\/p>\n<p><span style=\"font-size: 10pt;\">Poza prac\u0105 tw\u00f3rcz\u0105 i pedagogiczn\u0105 Krakowski by\u0142 wsp\u00f3\u0142za\u0142o\u017cycielem dw\u00f3ch sieci telewizyjnych: <em>NaszaTV<\/em> w Polsce i <em>ForeignTV.com<\/em>.<\/span><\/td>\n<\/tr>\n<\/tbody>\n<\/table>\n<p>&nbsp;<\/p>\n<hr>\n<p><span style=\"font-size: 10pt;\"><strong>Austriackie Forum Kultury<\/strong><strong>, ul. Pr\u00f3\u017cna 7\/9<\/strong><\/span><\/p>\n<p><span style=\"font-size: 10pt;\">Wst\u0119p po potwierdzeniu obecno\u015bci od 3 sierpnia na: <a href=\"mailto:warschau-kf@bmeia.gv.at\">warschau-kf@bmeia.gv.at<\/a><strong>; <\/strong>miejsca nie s\u0105 numerowane<\/span><\/p>\n<p><span style=\"font-size: 10pt;\">Wydarzenie transmitowane on-line \u2013 na profilach Austriackiego Forum Kultury i Festiwalu Warszawa Singera na Facebooku<\/span><\/p>\n","protected":false},"excerpt":{"rendered":"<p>Spotkanie autorskie o dwuj\u0119zycznej ksi\u0105\u017cce\/albumie Andrzeja Krakowskiego pt. \u201ePolskie Oscary: co, kto, ile, jak i dlaczego?\u201d (Wydawnictwo Blue Bird, 2021) [&hellip;]<\/p>\n","protected":false},"author":5,"featured_media":0,"comment_status":"open","ping_status":"open","sticky":false,"template":"","format":"standard","meta":{"_acf_changed":false,"ngg_post_thumbnail":0,"footnotes":""},"categories":[53],"tags":[73],"class_list":["post-13206","post","type-post","status-publish","format-standard","hentry","category-program","tag-salon-literacki"],"acf":[],"_links":{"self":[{"href":"https:\/\/shalom.org.pl\/en\/wp-json\/wp\/v2\/posts\/13206","targetHints":{"allow":["GET"]}}],"collection":[{"href":"https:\/\/shalom.org.pl\/en\/wp-json\/wp\/v2\/posts"}],"about":[{"href":"https:\/\/shalom.org.pl\/en\/wp-json\/wp\/v2\/types\/post"}],"author":[{"embeddable":true,"href":"https:\/\/shalom.org.pl\/en\/wp-json\/wp\/v2\/users\/5"}],"replies":[{"embeddable":true,"href":"https:\/\/shalom.org.pl\/en\/wp-json\/wp\/v2\/comments?post=13206"}],"version-history":[{"count":5,"href":"https:\/\/shalom.org.pl\/en\/wp-json\/wp\/v2\/posts\/13206\/revisions"}],"predecessor-version":[{"id":13758,"href":"https:\/\/shalom.org.pl\/en\/wp-json\/wp\/v2\/posts\/13206\/revisions\/13758"}],"wp:attachment":[{"href":"https:\/\/shalom.org.pl\/en\/wp-json\/wp\/v2\/media?parent=13206"}],"wp:term":[{"taxonomy":"category","embeddable":true,"href":"https:\/\/shalom.org.pl\/en\/wp-json\/wp\/v2\/categories?post=13206"},{"taxonomy":"post_tag","embeddable":true,"href":"https:\/\/shalom.org.pl\/en\/wp-json\/wp\/v2\/tags?post=13206"}],"curies":[{"name":"wp","href":"https:\/\/api.w.org\/{rel}","templated":true}]}}