{"id":13192,"date":"2021-06-20T12:42:17","date_gmt":"2021-06-20T10:42:17","guid":{"rendered":"http:\/\/shalom.org.pl\/?p=13192"},"modified":"2021-07-17T21:02:11","modified_gmt":"2021-07-17T19:02:11","slug":"spektakl-akademia-pana-kleksa-wg-jana-brzechwy-rez-michal-buszewicz-teatr-zydowski-w-warszawie-2","status":"publish","type":"post","link":"https:\/\/shalom.org.pl\/en\/spektakl-akademia-pana-kleksa-wg-jana-brzechwy-rez-michal-buszewicz-teatr-zydowski-w-warszawie-2\/","title":{"rendered":"Spektakl: \u201eAKADEMIA PANA KLEKSA&#8221; wg Jana Brzechwy, re\u017c. MICHA\u0141 BUSZEWICZ | Teatr \u017bydowski w Warszawie"},"content":{"rendered":"<h3><strong>Spektakl: \u201eAKADEMIA PANA KLEKSA&#8221; wg Jana Brzechwy, re\u017c. <\/strong><strong>MICHA\u0141 BUSZEWICZ | Teatr \u017bydowski w Warszawie<\/strong><\/h3>\n<p>Adaptacja i re\u017cyseria: <strong>Micha\u0142 Buszewicz<\/strong>, wsp\u00f3\u0142praca dramaturgiczna: <strong>Witold Mrozek<\/strong>, muzyka: <strong>Aleksandra Gryka<\/strong>, scenografia, kostiumy, re\u017cyseria \u015bwiat\u0142a: <strong>Anna Met<\/strong>, choreografia: <strong>Katarzyna Sikora<\/strong><\/p>\n<p>Obsada: Ada\u015b Niezg\u00f3dka \u2013 <strong>Daniel \u201eCzacza\u201d Antoniewicz<\/strong>, Golarz Filip \u2013 <strong>Ryszard Kluge<\/strong>, Asia\/ Kr\u00f3lowa \u2013 <strong>Joanna Rz\u0105czy\u0144ska<\/strong>, Aaron\/ Skurczony Pan Kleks \u2013 <strong>Dominik Rybia\u0142ek<\/strong>, Apolonia\/ Dama dworu \u2013 <strong>Izabella Rzeszowska<\/strong>, Anatol\/ Dziewczynka z zapa\u0142kami \u2013 <strong>Wanda Siemaszko<\/strong>, Pan Kleks \u2013 <strong>Piotr Siwek<\/strong>, Alojzy \u2013 <strong>Barbara Szeliga<\/strong>, Kr\u00f3lewna \u017babka \u2013 <strong>Go\u0142da Tencer<\/strong>, Anka \u2013 <strong>Ma\u0142gorzata Trybalska<\/strong>, Szpak Mateusz \u2013 <strong>Jerzy Walczak<\/strong>, Doktor Pai Chi Wo\/ In\u017cynier Bogumi\u0142 Kope\u0107\/ Andersen \u2013 <strong>Marek W\u0119glarski<\/strong>, Andre\/ Kr\u00f3l \u2013 <strong>Piotr Wiszniowski<\/strong><\/p>\n<div id=\"attachment_13452\" style=\"width: 860px\" class=\"wp-caption alignnone\"><img fetchpriority=\"high\" decoding=\"async\" aria-describedby=\"caption-attachment-13452\" class=\"wp-image-13452 size-full\" src=\"http:\/\/shalom.org.pl\/wp-content\/uploads\/2021\/06\/pan_kleks_0146-1.jpg\" alt=\"\" width=\"850\" height=\"570\" srcset=\"https:\/\/shalom.org.pl\/wp-content\/uploads\/2021\/06\/pan_kleks_0146-1.jpg 850w, https:\/\/shalom.org.pl\/wp-content\/uploads\/2021\/06\/pan_kleks_0146-1-300x201.jpg 300w, https:\/\/shalom.org.pl\/wp-content\/uploads\/2021\/06\/pan_kleks_0146-1-768x515.jpg 768w, https:\/\/shalom.org.pl\/wp-content\/uploads\/2021\/06\/pan_kleks_0146-1-380x255.jpg 380w, https:\/\/shalom.org.pl\/wp-content\/uploads\/2021\/06\/pan_kleks_0146-1-350x235.jpg 350w\" sizes=\"(max-width: 850px) 100vw, 850px\" \/><p id=\"caption-attachment-13452\" class=\"wp-caption-text\">fot. Magda Hueckel<\/p><\/div>\n<p>Pisana podczas wojny \u201eAkademia pana Kleksa\u201d wychowa\u0142a pokolenia dzieci, ale wci\u0105\u017c kryje wiele tajemnic. Feeria barwnych szkie\u0142ek i zmieniaj\u0105cych w\u0142a\u015bcicieli pieg\u00f3w, gadaj\u0105cy szpak &#8211; kr\u00f3lewicz, beztroskie podr\u00f3\u017ce z bajki do bajki, a nawet do psiego raju \u2013 ca\u0142a ta kolorowa magia przykrywa histori\u0119 pe\u0142n\u0105 trudnych wspomnie\u0144. Nadmuchiwane czarodziejsk\u0105 pompk\u0105 jedzenie nie zaspokaja ca\u0142kiem g\u0142odu, za\u015b granica mi\u0119dzy ba\u015bniow\u0105 jaw\u0105 a niepokoj\u0105cym snem niebezpiecznie si\u0119 zaciera.&nbsp;<\/p>\n<p>Wed\u0142ug Jana Brzechwy \u201eDo sekret\u00f3w Pana Kleksa dosta\u0107 mo\u017cna si\u0119 tylko przez komin\u201d \u2013 my spr\u00f3bujemy u\u017cy\u0107 do tego teatru. Odczytana na nowo klasyczna opowie\u015b\u0107 o panu Kleksie, poezja Brzechwy, do\u015bwiadczenia aktorek i aktor\u00f3w Teatru \u017bydowskiego, wreszcie piosenki \u2013 wszystko to z\u0142o\u017cy si\u0119 w niecodzienn\u0105 podr\u00f3\u017c do miejsca, gdzie dzieci\u0144stwo spotyka doros\u0142o\u015b\u0107, bajka \u2013 pami\u0119\u0107, \u015bmiech \u2013 melancholi\u0119, gdzie du\u017cy i ma\u0142y cz\u0142owiek do\u015bwiadczaj\u0105 wsp\u00f3lnie rado\u015bci i utraty. Warto do tego miejsca wr\u00f3ci\u0107, by odkry\u0107 je na nowo.<\/p>\n<p>Wi\u0119cej na: <a href=\"http:\/\/www.teatr-zydowski.art.pl\/spektakle\/akademia-pana-kleksa\">http:\/\/www.teatr-zydowski.art.pl\/spektakle\/akademia-pana-kleksa<\/a><\/p>\n<hr>\n<p><span style=\"font-size: 10pt;\"><strong>Du\u017ca Scena Teatru \u017bydowskiego, Klub Dow\u00f3dztwa Garnizonu Warszawa, al. Niepodleg\u0142o\u015bci 141 a<\/strong><\/span><\/p>\n<p><span style=\"font-size: 10pt;\">Bilety: 60\/50 PLN \u2013 do nabycia na: www.ebilet.pl, www.teatr-zydowski.art.pl, w Biurze Organizacji Widowni, tel. 22 526 20 34; 22 850 64 50 lub 51 oraz w kasach Teatru \u017bydowskiego: przy ul. Senatorskiej 35, tel. 22 850 64 35 lub w Klubie Dow\u00f3dztwa Garnizonu Warszawa, al. Niepodleg\u0142o\u015bci 141a, tel. 22 850 56 56 (szczeg\u00f3\u0142owe informacje na stronie www.teatr-zydowski.art.pl); spektakl dla widz\u00f3w od 10. roku \u017cycia<\/span><\/p>\n<hr>\n<p><span style=\"font-size: 10pt;\"><em>Wydarzenie towarzysz\u0105ce zorganizowane <\/em><em>przez Teatr \u017bydowski w Warszawie<\/em><\/span><\/p>\n<p>&nbsp;<\/p>\n","protected":false},"excerpt":{"rendered":"<p>Spektakl: \u201eAKADEMIA PANA KLEKSA&#8221; wg Jana Brzechwy, re\u017c. MICHA\u0141 BUSZEWICZ | Teatr \u017bydowski w Warszawie Adaptacja i re\u017cyseria: Micha\u0142 Buszewicz, [&hellip;]<\/p>\n","protected":false},"author":5,"featured_media":0,"comment_status":"open","ping_status":"open","sticky":false,"template":"","format":"standard","meta":{"_acf_changed":false,"ngg_post_thumbnail":0,"footnotes":""},"categories":[53],"tags":[81,69],"class_list":["post-13192","post","type-post","status-publish","format-standard","hentry","category-program","tag-dla-dzieci","tag-spektakl"],"acf":[],"_links":{"self":[{"href":"https:\/\/shalom.org.pl\/en\/wp-json\/wp\/v2\/posts\/13192","targetHints":{"allow":["GET"]}}],"collection":[{"href":"https:\/\/shalom.org.pl\/en\/wp-json\/wp\/v2\/posts"}],"about":[{"href":"https:\/\/shalom.org.pl\/en\/wp-json\/wp\/v2\/types\/post"}],"author":[{"embeddable":true,"href":"https:\/\/shalom.org.pl\/en\/wp-json\/wp\/v2\/users\/5"}],"replies":[{"embeddable":true,"href":"https:\/\/shalom.org.pl\/en\/wp-json\/wp\/v2\/comments?post=13192"}],"version-history":[{"count":5,"href":"https:\/\/shalom.org.pl\/en\/wp-json\/wp\/v2\/posts\/13192\/revisions"}],"predecessor-version":[{"id":13747,"href":"https:\/\/shalom.org.pl\/en\/wp-json\/wp\/v2\/posts\/13192\/revisions\/13747"}],"wp:attachment":[{"href":"https:\/\/shalom.org.pl\/en\/wp-json\/wp\/v2\/media?parent=13192"}],"wp:term":[{"taxonomy":"category","embeddable":true,"href":"https:\/\/shalom.org.pl\/en\/wp-json\/wp\/v2\/categories?post=13192"},{"taxonomy":"post_tag","embeddable":true,"href":"https:\/\/shalom.org.pl\/en\/wp-json\/wp\/v2\/tags?post=13192"}],"curies":[{"name":"wp","href":"https:\/\/api.w.org\/{rel}","templated":true}]}}