{"id":13175,"date":"2021-06-20T12:25:17","date_gmt":"2021-06-20T10:25:17","guid":{"rendered":"http:\/\/shalom.org.pl\/?p=13175"},"modified":"2021-08-10T22:19:06","modified_gmt":"2021-08-10T20:19:06","slug":"momik-rez-aleksandra-bielewicz-spektakl-studentow-akademii-teatralnej-im-a-zelwerowicza","status":"publish","type":"post","link":"https:\/\/shalom.org.pl\/en\/momik-rez-aleksandra-bielewicz-spektakl-studentow-akademii-teatralnej-im-a-zelwerowicza\/","title":{"rendered":"Spektakl plenerowy: \u201eMOMIK&#8221;, re\u017c. Aleksandra Bielewicz \u2013 spektakl studentki Akademii Teatralnej im. A. Zelwerowicza"},"content":{"rendered":"<h3><strong>Spektakl plenerowy: \u201eMOMIK&#8221;, re\u017c. Aleksandra Bielewicz \u2013 spektakl studentki Akademii Teatralnej im. A. Zelwerowicza<\/strong><\/h3>\n<p>Scenariusz i re\u017cyseria: <strong>Aleksandra Bielewicz<\/strong>, kostiumy: <strong>Sandra St\u0119pie\u0144<\/strong>, wsp\u00f3\u0142praca scenograficzna: <strong>\u0141ukasz Misztal<\/strong>, ruch sceniczny: <strong>Maria Bijak<\/strong>, monta\u017c d\u017awi\u0119ku: <strong>Szymon Sutor<\/strong>, asystentka re\u017cyserki: <strong>Joanna Adamiec<\/strong>, charakteryzacja: <strong>Amadeusz Suszy\u0144ski<\/strong><\/p>\n<p>Obsada: <strong>Tomasz Nosinski<\/strong>, <strong>Jowita Kropiewnicka<\/strong>, <strong>Jan Kwapisiewicz<\/strong>, <strong>Katarzyna Obidzi\u0144ska<\/strong>, <strong>Maria Bijak<\/strong>, <strong>Kacper Lech<\/strong><\/p>\n<p>Zdj\u0119cia: <strong>Micha\u0142 Modlinger<\/strong>, monta\u017c: <strong>Micha\u0142 Mazurek<\/strong>, zdj\u0119cia zapowiedzi: <strong>Zuzanna Mazurek<\/strong>, fotografie: <strong>Karolina Jonderko<\/strong><\/p>\n<p>Aby wsp\u00f3lna przysz\u0142o\u015b\u0107 by\u0142a mo\u017cliwa, potrzebna jest \u015bwiadomo\u015b\u0107 narodowa, kt\u00f3ra nie wypiera przesz\u0142o\u015bci. Spo\u0142ecze\u0144stwo, kt\u00f3re nie szuka prawdy, zak\u0142amuje swoj\u0105 to\u017csamo\u015b\u0107, staje si\u0119 martwe.<\/p>\n<p>Tytu\u0142owy Momik to polski \u017byd wychowany w Izraelu. Ca\u0142e jego dzieci\u0144stwo naznaczone by\u0142o traum\u0105 wojny. Nie rozumia\u0142 l\u0119ku obecnego w jego rodzinie, ale przesi\u0105k\u0142 nim do szpiku ko\u015bci. Uporczywie budowa\u0142 obraz kraju TAM. Kraju, kt\u00f3ry w dzieci\u0119cej wyobra\u017ani widzia\u0142 jako pi\u0119kne miejsce, nawiedzone przez okrutn\u0105 besti\u0119. Szukanie \u015blad\u00f3w przesz\u0142o\u015bci i pr\u00f3ba jej zrozumienia sta\u0142y si\u0119 jego obsesj\u0105.<\/p>\n<p>Momik przyje\u017cd\u017ca do Polski, \u017ceby skonfrontowa\u0107 si\u0119 z widmami, kt\u00f3re w nim mieszkaj\u0105. Szuka 6 milion\u00f3w \u017byd\u00f3w, getta, po kt\u00f3rym prawie nic ju\u017c nie pozosta\u0142o. Razem z \u201educhami\u201d wyrusza w podr\u00f3\u017c.<\/p>\n\n\t\t<style type=\"text\/css\">\n\t\t\t#gallery-1 {\n\t\t\t\tmargin: auto;\n\t\t\t}\n\t\t\t#gallery-1 .gallery-item {\n\t\t\t\tfloat: left;\n\t\t\t\tmargin-top: 10px;\n\t\t\t\ttext-align: center;\n\t\t\t\twidth: 33%;\n\t\t\t}\n\t\t\t#gallery-1 img {\n\t\t\t\tborder: 2px solid #cfcfcf;\n\t\t\t}\n\t\t\t#gallery-1 .gallery-caption {\n\t\t\t\tmargin-left: 0;\n\t\t\t}\n\t\t\t\/* see gallery_shortcode() in wp-includes\/media.php *\/\n\t\t<\/style>\n\t\t<div id='gallery-1' class='gallery galleryid-13175 gallery-columns-3 gallery-size-thumbnail'><dl class='gallery-item'>\n\t\t\t<dt class='gallery-icon landscape'>\n\t\t\t\t<a href='https:\/\/shalom.org.pl\/en\/momik-rez-aleksandra-bielewicz-spektakl-studentow-akademii-teatralnej-im-a-zelwerowicza\/momik-photo-karolina-jonderko-10\/'><img fetchpriority=\"high\" decoding=\"async\" width=\"300\" height=\"300\" src=\"https:\/\/shalom.org.pl\/wp-content\/uploads\/2021\/06\/Momik-photo-Karolina-Jonderko-10-300x300.jpg\" class=\"attachment-thumbnail size-thumbnail\" alt=\"\" \/><\/a>\n\t\t\t<\/dt><\/dl><dl class='gallery-item'>\n\t\t\t<dt class='gallery-icon landscape'>\n\t\t\t\t<a href='https:\/\/shalom.org.pl\/en\/momik-rez-aleksandra-bielewicz-spektakl-studentow-akademii-teatralnej-im-a-zelwerowicza\/momik-photo-karolina-jonderko-5\/'><img decoding=\"async\" width=\"300\" height=\"300\" src=\"https:\/\/shalom.org.pl\/wp-content\/uploads\/2021\/06\/Momik-photo-Karolina-Jonderko-5-300x300.jpg\" class=\"attachment-thumbnail size-thumbnail\" alt=\"\" \/><\/a>\n\t\t\t<\/dt><\/dl><dl class='gallery-item'>\n\t\t\t<dt class='gallery-icon landscape'>\n\t\t\t\t<a href='https:\/\/shalom.org.pl\/en\/momik-rez-aleksandra-bielewicz-spektakl-studentow-akademii-teatralnej-im-a-zelwerowicza\/momik-photo-karolina-jonderko-4\/'><img decoding=\"async\" width=\"300\" height=\"300\" src=\"https:\/\/shalom.org.pl\/wp-content\/uploads\/2021\/06\/Momik-photo-Karolina-Jonderko-4-300x300.jpg\" class=\"attachment-thumbnail size-thumbnail\" alt=\"\" \/><\/a>\n\t\t\t<\/dt><\/dl><br style=\"clear: both\" \/><dl class='gallery-item'>\n\t\t\t<dt class='gallery-icon landscape'>\n\t\t\t\t<a href='https:\/\/shalom.org.pl\/en\/momik-rez-aleksandra-bielewicz-spektakl-studentow-akademii-teatralnej-im-a-zelwerowicza\/momik-photo-karolina-jonderko-9\/'><img loading=\"lazy\" decoding=\"async\" width=\"300\" height=\"300\" src=\"https:\/\/shalom.org.pl\/wp-content\/uploads\/2021\/06\/Momik-photo-Karolina-Jonderko-9-300x300.jpg\" class=\"attachment-thumbnail size-thumbnail\" alt=\"\" \/><\/a>\n\t\t\t<\/dt><\/dl><dl class='gallery-item'>\n\t\t\t<dt class='gallery-icon landscape'>\n\t\t\t\t<a href='https:\/\/shalom.org.pl\/en\/momik-rez-aleksandra-bielewicz-spektakl-studentow-akademii-teatralnej-im-a-zelwerowicza\/momik-4\/'><img loading=\"lazy\" decoding=\"async\" width=\"300\" height=\"300\" src=\"https:\/\/shalom.org.pl\/wp-content\/uploads\/2021\/06\/Momik-4-300x300.jpg\" class=\"attachment-thumbnail size-thumbnail\" alt=\"\" \/><\/a>\n\t\t\t<\/dt><\/dl><dl class='gallery-item'>\n\t\t\t<dt class='gallery-icon landscape'>\n\t\t\t\t<a href='https:\/\/shalom.org.pl\/en\/momik-rez-aleksandra-bielewicz-spektakl-studentow-akademii-teatralnej-im-a-zelwerowicza\/momik-3\/'><img loading=\"lazy\" decoding=\"async\" width=\"300\" height=\"300\" src=\"https:\/\/shalom.org.pl\/wp-content\/uploads\/2021\/06\/Momik-3-300x300.jpg\" class=\"attachment-thumbnail size-thumbnail\" alt=\"\" \/><\/a>\n\t\t\t<\/dt><\/dl><br style=\"clear: both\" \/>\n\t\t<\/div>\n\n<p><span style=\"font-size: 10pt;\">fot. Karolina Jonderko<\/span><\/p>\n<p>W t\u0119 podr\u00f3\u017c zabieramy naszych widz\u00f3w, przechodni\u00f3w. Spacer ma charakter intymnego do\u015bwiadczenia \u2013 ka\u017cdy z uczestnik\u00f3w przed rozpocz\u0119ciem dostaje link do \u015bcie\u017cki audio. Korzystaj\u0105c z w\u0142asnego telefonu oraz s\u0142uchawek dostaje mo\u017cliwo\u015b\u0107 wys\u0142uchiwania nagrania prowadz\u0105cego go przez spektakl i jednoczesnego obserwowania synchronicznych dzia\u0142a\u0144 aktor\u00f3w. Ka\u017cdy widz mo\u017ce zdecydowa\u0107, na ile zanurzy\u0107 si\u0119 w historii g\u0142\u00f3wnego bohatera, na ile pod\u0105\u017cy\u0107 za m\u00f3wi\u0105cymi g\u0142osami, na ile miksowa\u0107 przedstawian\u0105 przez nas rzeczywisto\u015b\u0107 z rzeczywisto\u015bci\u0105 wsp\u00f3\u0142czesnego miasta, w kt\u00f3rym si\u0119 znajdujemy. Szukamy pami\u0119ci wybranych miejsc, badamy fuzj\u0119 tego czym by\u0142y, a czym si\u0119 sta\u0142y. Szukamy \u015blad\u00f3w zatartej to\u017csamo\u015bci. Narodowej i indywidualnej. Szukamy brakuj\u0105cego elementu, niezb\u0119dnego do poczucia si\u0119 cz\u0142owiekiem sp\u00f3jnym.<\/p>\n<table style=\"border-collapse: collapse; width: 100%;\">\n<tbody>\n<tr>\n<td style=\"width: 27.5758%;\"><img loading=\"lazy\" decoding=\"async\" class=\"alignnone wp-image-13442 size-medium\" src=\"http:\/\/shalom.org.pl\/wp-content\/uploads\/2021\/06\/photo-200x300.jpg\" alt=\"\" width=\"200\" height=\"300\" srcset=\"https:\/\/shalom.org.pl\/wp-content\/uploads\/2021\/06\/photo-200x300.jpg 200w, https:\/\/shalom.org.pl\/wp-content\/uploads\/2021\/06\/photo-768x1152.jpg 768w, https:\/\/shalom.org.pl\/wp-content\/uploads\/2021\/06\/photo-683x1024.jpg 683w, https:\/\/shalom.org.pl\/wp-content\/uploads\/2021\/06\/photo-170x255.jpg 170w, https:\/\/shalom.org.pl\/wp-content\/uploads\/2021\/06\/photo-350x525.jpg 350w, https:\/\/shalom.org.pl\/wp-content\/uploads\/2021\/06\/photo.jpg 1280w\" sizes=\"(max-width: 200px) 100vw, 200px\" \/><\/td>\n<td style=\"width: 72.4242%;\"><strong>Aleksandra Bielewicz<\/strong> \u2013 studentka re\u017cyserii w AT Warszawa, absolwentka Uniwersytetu Paris 3 Sorbonne Nouvelle. Wsp\u00f3\u0142pracowa\u0142a z Radkiem Rychcikiem, Natali\u0105 Korczakowsk\u0105, Micha\u0142em Walczakiem. Jej spektakle pokazywane by\u0142y na Festiwalu FIST w Belgradzie, czy Mozart Junior w Warszawie<\/td>\n<\/tr>\n<\/tbody>\n<\/table>\n<hr>\n<p><span style=\"font-size: 10pt;\">Spektakl-spacer rozpoczyna si\u0119 przy ulicy \u017belaznej 66 i odbywa si\u0119 na ulicach \u017belazna \u2013 Grzybowska \u2013 Pereca \u2013 Walic\u00f3w. Spektakl trwa 36 minut. Widzowie proszeni s\u0105 o przyj\u015bcie z telefonem kom\u00f3rkowym z dost\u0119pem do internetu oraz par\u0105 s\u0142uchawek. Link z plikiem d\u017awi\u0119kowym niezb\u0119dnym do uczestniczenia w wydarzeniu jest dost\u0119pny <a href=\"http:\/\/shalom.org.pl\/momik\/\">TUTAJ<\/a><\/span><\/p>\n<p><span style=\"font-size: 10pt;\">Wst\u0119p po potwierdzeniu obecno\u015bci od 3 do 19 sierpnia w Biurze Festiwalowym \u2013 ul. Senatorska 35, tel. 578&nbsp;550&nbsp;797, 576&nbsp;044&nbsp;547; liczba miejsc ograniczon<\/span>a<\/p>\n<hr>\n<p><span style=\"font-size: 10pt;\"><em>Zorganizowano we wsp\u00f3\u0142pracy z Akademi\u0105 Teatraln\u0105 im. A. Zelwerowicza<\/em><\/span><\/p>\n<p><img loading=\"lazy\" decoding=\"async\" class=\"alignnone wp-image-13444\" src=\"http:\/\/shalom.org.pl\/wp-content\/uploads\/2021\/06\/AT-LOGO-Podstawowe-269x300.jpg\" alt=\"\" width=\"150\" height=\"167\" srcset=\"https:\/\/shalom.org.pl\/wp-content\/uploads\/2021\/06\/AT-LOGO-Podstawowe-269x300.jpg 269w, https:\/\/shalom.org.pl\/wp-content\/uploads\/2021\/06\/AT-LOGO-Podstawowe-768x857.jpg 768w, https:\/\/shalom.org.pl\/wp-content\/uploads\/2021\/06\/AT-LOGO-Podstawowe-918x1024.jpg 918w, https:\/\/shalom.org.pl\/wp-content\/uploads\/2021\/06\/AT-LOGO-Podstawowe-228x255.jpg 228w, https:\/\/shalom.org.pl\/wp-content\/uploads\/2021\/06\/AT-LOGO-Podstawowe-350x391.jpg 350w, https:\/\/shalom.org.pl\/wp-content\/uploads\/2021\/06\/AT-LOGO-Podstawowe.jpg 1388w\" sizes=\"(max-width: 150px) 100vw, 150px\" \/><\/p>\n","protected":false},"excerpt":{"rendered":"<p>Spektakl plenerowy: \u201eMOMIK&#8221;, re\u017c. Aleksandra Bielewicz \u2013 spektakl studentki Akademii Teatralnej im. A. Zelwerowicza Scenariusz i re\u017cyseria: Aleksandra Bielewicz, kostiumy: [&hellip;]<\/p>\n","protected":false},"author":5,"featured_media":0,"comment_status":"open","ping_status":"open","sticky":false,"template":"","format":"standard","meta":{"_acf_changed":false,"ngg_post_thumbnail":0,"footnotes":""},"categories":[53],"tags":[69],"class_list":["post-13175","post","type-post","status-publish","format-standard","hentry","category-program","tag-spektakl"],"acf":[],"_links":{"self":[{"href":"https:\/\/shalom.org.pl\/en\/wp-json\/wp\/v2\/posts\/13175","targetHints":{"allow":["GET"]}}],"collection":[{"href":"https:\/\/shalom.org.pl\/en\/wp-json\/wp\/v2\/posts"}],"about":[{"href":"https:\/\/shalom.org.pl\/en\/wp-json\/wp\/v2\/types\/post"}],"author":[{"embeddable":true,"href":"https:\/\/shalom.org.pl\/en\/wp-json\/wp\/v2\/users\/5"}],"replies":[{"embeddable":true,"href":"https:\/\/shalom.org.pl\/en\/wp-json\/wp\/v2\/comments?post=13175"}],"version-history":[{"count":9,"href":"https:\/\/shalom.org.pl\/en\/wp-json\/wp\/v2\/posts\/13175\/revisions"}],"predecessor-version":[{"id":14092,"href":"https:\/\/shalom.org.pl\/en\/wp-json\/wp\/v2\/posts\/13175\/revisions\/14092"}],"wp:attachment":[{"href":"https:\/\/shalom.org.pl\/en\/wp-json\/wp\/v2\/media?parent=13175"}],"wp:term":[{"taxonomy":"category","embeddable":true,"href":"https:\/\/shalom.org.pl\/en\/wp-json\/wp\/v2\/categories?post=13175"},{"taxonomy":"post_tag","embeddable":true,"href":"https:\/\/shalom.org.pl\/en\/wp-json\/wp\/v2\/tags?post=13175"}],"curies":[{"name":"wp","href":"https:\/\/api.w.org\/{rel}","templated":true}]}}