{"id":13158,"date":"2021-06-20T08:40:10","date_gmt":"2021-06-20T06:40:10","guid":{"rendered":"http:\/\/shalom.org.pl\/?p=13158"},"modified":"2021-07-11T15:49:12","modified_gmt":"2021-07-11T13:49:12","slug":"bilgoraj-koncert-muzyka-i-taniec-sasiadow-hora-florilor-z-osica-de-jos-ru-przodkowianie-z-przodkowa","status":"publish","type":"post","link":"https:\/\/shalom.org.pl\/en\/bilgoraj-koncert-muzyka-i-taniec-sasiadow-hora-florilor-z-osica-de-jos-ru-przodkowianie-z-przodkowa\/","title":{"rendered":"BI\u0141GORAJ \/\/  Koncert: \u201eMuzyka i taniec s\u0105siad\u00f3w\u201d | Hora Florilor z Osica de Jos |RU| &#038; Przodkowianie z Przodkowa"},"content":{"rendered":"<hr>\n<p><span style=\"color: #8764bd;\"><strong><em>Festiwal Warszawa Singera w Bi\u0142goraju<\/em><\/strong><\/span><\/p>\n<hr>\n<h3>Koncert: \u201eMuzyka i taniec s\u0105siad\u00f3w\u201d | Hora Florilor z Osica de Jos |RU| &amp; Przodkowianie z Przodkowa<\/h3>\n<hr>\n<p><span style=\"font-size: 10pt;\"><strong>Scena letnia Bi\u0142gorajskiego Centrum Kultury,<\/strong><strong> ul. Ko\u015bciuszki 16&nbsp;<\/strong><\/span><\/p>\n<p>&nbsp;<\/p>\n<hr>\n<p><span style=\"font-size: 10pt;\">Impreza plenerowa, wst\u0119p wolny<\/span><\/p>\n<hr>\n<p><span style=\"font-size: 10pt;\"><em>Wydarzenie towarzysz\u0105ce zorganizowane we wsp\u00f3\u0142pracy z Urz\u0119dem Miasta Bi\u0142goraj i Bi\u0142gorajskim Centrum Kultury<\/em><\/span><\/p>\n","protected":false},"excerpt":{"rendered":"<p>Festiwal Warszawa Singera w Bi\u0142goraju Koncert: \u201eMuzyka i taniec s\u0105siad\u00f3w\u201d | Hora Florilor z Osica de Jos |RU| &amp; Przodkowianie [&hellip;]<\/p>\n","protected":false},"author":5,"featured_media":0,"comment_status":"open","ping_status":"open","sticky":false,"template":"","format":"standard","meta":{"_acf_changed":false,"ngg_post_thumbnail":0,"footnotes":""},"categories":[53],"tags":[71],"class_list":["post-13158","post","type-post","status-publish","format-standard","hentry","category-program","tag-koncert"],"acf":[],"_links":{"self":[{"href":"https:\/\/shalom.org.pl\/en\/wp-json\/wp\/v2\/posts\/13158","targetHints":{"allow":["GET"]}}],"collection":[{"href":"https:\/\/shalom.org.pl\/en\/wp-json\/wp\/v2\/posts"}],"about":[{"href":"https:\/\/shalom.org.pl\/en\/wp-json\/wp\/v2\/types\/post"}],"author":[{"embeddable":true,"href":"https:\/\/shalom.org.pl\/en\/wp-json\/wp\/v2\/users\/5"}],"replies":[{"embeddable":true,"href":"https:\/\/shalom.org.pl\/en\/wp-json\/wp\/v2\/comments?post=13158"}],"version-history":[{"count":7,"href":"https:\/\/shalom.org.pl\/en\/wp-json\/wp\/v2\/posts\/13158\/revisions"}],"predecessor-version":[{"id":13416,"href":"https:\/\/shalom.org.pl\/en\/wp-json\/wp\/v2\/posts\/13158\/revisions\/13416"}],"wp:attachment":[{"href":"https:\/\/shalom.org.pl\/en\/wp-json\/wp\/v2\/media?parent=13158"}],"wp:term":[{"taxonomy":"category","embeddable":true,"href":"https:\/\/shalom.org.pl\/en\/wp-json\/wp\/v2\/categories?post=13158"},{"taxonomy":"post_tag","embeddable":true,"href":"https:\/\/shalom.org.pl\/en\/wp-json\/wp\/v2\/tags?post=13158"}],"curies":[{"name":"wp","href":"https:\/\/api.w.org\/{rel}","templated":true}]}}