{"id":11302,"date":"2020-08-05T11:10:38","date_gmt":"2020-08-05T09:10:38","guid":{"rendered":"http:\/\/shalom.org.pl\/?p=11302"},"modified":"2020-08-05T11:10:38","modified_gmt":"2020-08-05T09:10:38","slug":"the-opening-of-singer-jazz-festival-concert-wlodek-pawlik-trio","status":"publish","type":"post","link":"https:\/\/shalom.org.pl\/en\/the-opening-of-singer-jazz-festival-concert-wlodek-pawlik-trio\/","title":{"rendered":"The opening of Singer Jazz Festival \u2013 concert: W\u0141ODEK PAWLIK TRIO"},"content":{"rendered":"<p><strong>The opening of Singer Jazz Festival \u2013 concert: W\u0141ODEK PAWLIK TRIO <\/strong><\/p>\n<p>Line-up:<strong> W\u0142odek Pawlik <\/strong>(piano),<strong> Pawe\u0142 Pa\u0144ta <\/strong>(double bass),<strong> Cezary Konrad <\/strong>(percussion)<\/p>\n<p><img fetchpriority=\"high\" decoding=\"async\" class=\"alignnone size-medium wp-image-10734\" src=\"http:\/\/shalom.org.pl\/wp-content\/uploads\/2020\/07\/W\u0142odek-Pawlik-w-garniturze-3-foto-Marek-Ba\u0142ata-C-2015-9849_ppCROP-\u2014-kopia-300x286.jpg\" alt=\"\" width=\"300\" height=\"286\" srcset=\"https:\/\/shalom.org.pl\/wp-content\/uploads\/2020\/07\/W\u0142odek-Pawlik-w-garniturze-3-foto-Marek-Ba\u0142ata-C-2015-9849_ppCROP-\u2014-kopia-300x286.jpg 300w, https:\/\/shalom.org.pl\/wp-content\/uploads\/2020\/07\/W\u0142odek-Pawlik-w-garniturze-3-foto-Marek-Ba\u0142ata-C-2015-9849_ppCROP-\u2014-kopia-768x731.jpg 768w, https:\/\/shalom.org.pl\/wp-content\/uploads\/2020\/07\/W\u0142odek-Pawlik-w-garniturze-3-foto-Marek-Ba\u0142ata-C-2015-9849_ppCROP-\u2014-kopia-1024x975.jpg 1024w, https:\/\/shalom.org.pl\/wp-content\/uploads\/2020\/07\/W\u0142odek-Pawlik-w-garniturze-3-foto-Marek-Ba\u0142ata-C-2015-9849_ppCROP-\u2014-kopia-268x255.jpg 268w, https:\/\/shalom.org.pl\/wp-content\/uploads\/2020\/07\/W\u0142odek-Pawlik-w-garniturze-3-foto-Marek-Ba\u0142ata-C-2015-9849_ppCROP-\u2014-kopia-350x333.jpg 350w\" sizes=\"(max-width: 300px) 100vw, 300px\" \/><\/p>\n<p>This event will also be broadcast on-line &#8211; details soon<\/p>\n<hr>\n<p><span style=\"font-size: 10pt;\"><strong>The No\u017cyk Synagogue 6 Twarda St.<\/strong><\/span><\/p>\n<p><span style=\"font-size: 10pt;\">Ticketed event. Tickets available on www.ebilet.pl, www.teatr-zydowski.art.pl<\/span><\/p>\n<p>&nbsp;<\/p>\n","protected":false},"excerpt":{"rendered":"<p>The opening of Singer Jazz Festival \u2013 concert: W\u0141ODEK PAWLIK TRIO Line-up: W\u0142odek Pawlik (piano), Pawe\u0142 Pa\u0144ta (double bass), Cezary [&hellip;]<\/p>\n","protected":false},"author":5,"featured_media":0,"comment_status":"open","ping_status":"open","sticky":false,"template":"","format":"standard","meta":{"_acf_changed":false,"ngg_post_thumbnail":0,"footnotes":""},"categories":[64],"tags":[120],"class_list":["post-11302","post","type-post","status-publish","format-standard","hentry","category-program-en","tag-concert"],"acf":[],"_links":{"self":[{"href":"https:\/\/shalom.org.pl\/en\/wp-json\/wp\/v2\/posts\/11302","targetHints":{"allow":["GET"]}}],"collection":[{"href":"https:\/\/shalom.org.pl\/en\/wp-json\/wp\/v2\/posts"}],"about":[{"href":"https:\/\/shalom.org.pl\/en\/wp-json\/wp\/v2\/types\/post"}],"author":[{"embeddable":true,"href":"https:\/\/shalom.org.pl\/en\/wp-json\/wp\/v2\/users\/5"}],"replies":[{"embeddable":true,"href":"https:\/\/shalom.org.pl\/en\/wp-json\/wp\/v2\/comments?post=11302"}],"version-history":[{"count":1,"href":"https:\/\/shalom.org.pl\/en\/wp-json\/wp\/v2\/posts\/11302\/revisions"}],"predecessor-version":[{"id":11303,"href":"https:\/\/shalom.org.pl\/en\/wp-json\/wp\/v2\/posts\/11302\/revisions\/11303"}],"wp:attachment":[{"href":"https:\/\/shalom.org.pl\/en\/wp-json\/wp\/v2\/media?parent=11302"}],"wp:term":[{"taxonomy":"category","embeddable":true,"href":"https:\/\/shalom.org.pl\/en\/wp-json\/wp\/v2\/categories?post=11302"},{"taxonomy":"post_tag","embeddable":true,"href":"https:\/\/shalom.org.pl\/en\/wp-json\/wp\/v2\/tags?post=11302"}],"curies":[{"name":"wp","href":"https:\/\/api.w.org\/{rel}","templated":true}]}}