{"id":11109,"date":"2020-08-04T15:07:42","date_gmt":"2020-08-04T13:07:42","guid":{"rendered":"http:\/\/shalom.org.pl\/?p=11109"},"modified":"2020-08-04T15:09:20","modified_gmt":"2020-08-04T13:09:20","slug":"anna-kuligowska-korzeniewska","status":"publish","type":"post","link":"https:\/\/shalom.org.pl\/en\/anna-kuligowska-korzeniewska\/","title":{"rendered":"ANNA KULIGOWSKA-KORZENIEWSKA"},"content":{"rendered":"<p><strong>ANNA KULIGOWSKA-KORZENIEWSKA<\/strong><\/p>\n<p>Profesor zwyczajny, wyk\u0142adowca Akademii Teatralnej im. A. Zelwerowicza w Warszawie; historyk i krytyk teatralny. Specjalizacja: teatr \u0142\u00f3dzki, teatr \u017cydowski, biografistyka teatralna. W latach 1992\u20132012 prezes Polskiego Towarzystwa Historyk\u00f3w Teatru, cz\u0142onek m.in. \u0141\u00f3dzkiego Towarzystwa Naukowego, Polskiego Towarzystwa Judaistycznego, autorka ksi\u0105\u017cek m.in. <em>Scena obiecana. Teatr polski w \u0141odzi<\/em> (1995), <em>Teatr \u017cydowski w Polsce<\/em> (1998, red.), <em>Teatralny \u015bwiat Andrzeja Wajdy<\/em> (2003, red.), <em>Teatralna Jerozolima<\/em> (2006, red.), <em>Faktomonta\u017ce Leona Schillera<\/em> (2015, red.), <em>Polska \u201eSzulamis\u201d. Studia o teatrze polskim i \u017cydowskim<\/em> (2018), <em>Sienkiewicz i teatr<\/em> (2019, red.).<\/p>\n","protected":false},"excerpt":{"rendered":"<p>ANNA KULIGOWSKA-KORZENIEWSKA Profesor zwyczajny, wyk\u0142adowca Akademii Teatralnej im. A. Zelwerowicza w Warszawie; historyk i krytyk teatralny. Specjalizacja: teatr \u0142\u00f3dzki, teatr [&hellip;]<\/p>\n","protected":false},"author":5,"featured_media":0,"comment_status":"open","ping_status":"open","sticky":false,"template":"","format":"standard","meta":{"_acf_changed":false,"ngg_post_thumbnail":0,"footnotes":""},"categories":[1],"tags":[],"class_list":["post-11109","post","type-post","status-publish","format-standard","hentry","category-bez-kategorii"],"acf":[],"_links":{"self":[{"href":"https:\/\/shalom.org.pl\/en\/wp-json\/wp\/v2\/posts\/11109","targetHints":{"allow":["GET"]}}],"collection":[{"href":"https:\/\/shalom.org.pl\/en\/wp-json\/wp\/v2\/posts"}],"about":[{"href":"https:\/\/shalom.org.pl\/en\/wp-json\/wp\/v2\/types\/post"}],"author":[{"embeddable":true,"href":"https:\/\/shalom.org.pl\/en\/wp-json\/wp\/v2\/users\/5"}],"replies":[{"embeddable":true,"href":"https:\/\/shalom.org.pl\/en\/wp-json\/wp\/v2\/comments?post=11109"}],"version-history":[{"count":2,"href":"https:\/\/shalom.org.pl\/en\/wp-json\/wp\/v2\/posts\/11109\/revisions"}],"predecessor-version":[{"id":11113,"href":"https:\/\/shalom.org.pl\/en\/wp-json\/wp\/v2\/posts\/11109\/revisions\/11113"}],"wp:attachment":[{"href":"https:\/\/shalom.org.pl\/en\/wp-json\/wp\/v2\/media?parent=11109"}],"wp:term":[{"taxonomy":"category","embeddable":true,"href":"https:\/\/shalom.org.pl\/en\/wp-json\/wp\/v2\/categories?post=11109"},{"taxonomy":"post_tag","embeddable":true,"href":"https:\/\/shalom.org.pl\/en\/wp-json\/wp\/v2\/tags?post=11109"}],"curies":[{"name":"wp","href":"https:\/\/api.w.org\/{rel}","templated":true}]}}