{"id":2085,"global_id":"shalom.org.pl\/en?id=2085","global_id_lineage":["shalom.org.pl\/en?id=2085"],"author":"1","status":"publish","date":"2012-01-28 22:09:03","date_utc":"2012-01-28 21:09:03","modified":"2020-11-06 13:31:50","modified_utc":"2020-11-06 12:31:50","url":"https:\/\/shalom.org.pl\/en\/event\/vii-miedzynarodowy-dzien-pamieci-o-ofiarach-holokaustu\/","rest_url":"https:\/\/shalom.org.pl\/en\/wp-json\/tribe\/events\/v1\/events\/2085","title":"VII Mi\u0119dzynarodowy Dzie\u0144 Pami\u0119ci o Ofiarach Holokaustu","description":"<p>\t\t\t\t<\/p>\n<\/p>\n<p>\t\t<\/p>","excerpt":"","slug":"vii-miedzynarodowy-dzien-pamieci-o-ofiarach-holokaustu","image":{"url":"https:\/\/shalom.org.pl\/wp-content\/uploads\/2012\/01\/02.P1271177_cr-1.jpg","id":2099,"extension":"jpg","width":633,"height":600,"sizes":{"thumbnail":{"width":300,"height":300,"mime-type":"image\/jpeg","url":"https:\/\/shalom.org.pl\/wp-content\/uploads\/2012\/01\/02.P1271177_cr-1-300x300.jpg"},"medium":{"width":300,"height":284,"mime-type":"image\/jpeg","path":"2012\/01\/02.P1271177_cr-1-300x284.jpg","url":"https:\/\/shalom.org.pl\/wp-content\/uploads\/2012\/01\/02.P1271177_cr-1-300x284.jpg"},"post-thumbnail":{"width":269,"height":255,"mime-type":"image\/jpeg","url":"https:\/\/shalom.org.pl\/wp-content\/uploads\/2012\/01\/02.P1271177_cr-1-269x255.jpg"},"blog-list-post-size":{"width":350,"height":332,"mime-type":"image\/jpeg","path":"2012\/01\/02.P1271177_cr-1-350x332.jpg","url":"https:\/\/shalom.org.pl\/wp-content\/uploads\/2012\/01\/02.P1271177_cr-1-350x332.jpg"},"featured-slide-thumb":{"width":269,"height":255,"mime-type":"image\/jpeg","url":"https:\/\/shalom.org.pl\/wp-content\/uploads\/2012\/01\/02.P1271177_cr-1-269x255.jpg"},"thumbnail_old_150x150":{"width":150,"height":150,"mime-type":"image\/jpeg","path":"2012\/01\/02.P1271177_cr-1-150x150.jpg","url":"https:\/\/shalom.org.pl\/wp-content\/uploads\/2012\/01\/02.P1271177_cr-1-150x150.jpg"}}},"all_day":false,"start_date":"2012-01-27 08:00:00","start_date_details":{"year":"2012","month":"01","day":"27","hour":"08","minutes":"00","seconds":"00"},"end_date":"2012-01-27 17:00:00","end_date_details":{"year":"2012","month":"01","day":"27","hour":"17","minutes":"00","seconds":"00"},"utc_start_date":null,"utc_start_date_details":{"year":"1970","month":"01","day":"01","hour":"00","minutes":"00","seconds":"00"},"utc_end_date":null,"utc_end_date_details":{"year":"1970","month":"01","day":"01","hour":"00","minutes":"00","seconds":"00"},"timezone":"","timezone_abbr":"","cost":"","cost_details":{"currency_symbol":"$","currency_code":"","currency_position":"prefix","values":[]},"website":"","show_map":true,"show_map_link":true,"hide_from_listings":false,"sticky":false,"featured":false,"categories":[{"name":"pami\u0119\u0107","slug":"pamiec-pl","term_group":0,"term_taxonomy_id":362,"taxonomy":"tribe_events_cat","description":"","parent":0,"count":198,"filter":"raw","id":362,"urls":{"self":"https:\/\/shalom.org.pl\/en\/wp-json\/tribe\/events\/v1\/categories\/362","collection":"https:\/\/shalom.org.pl\/en\/wp-json\/tribe\/events\/v1\/categories"}}],"tags":[],"venue":[],"organizer":[],"json_ld":{"@context":"http:\/\/schema.org","@type":"Event","name":"VII Mi\u0119dzynarodowy Dzie\u0144 Pami\u0119ci o Ofiarach Holokaustu","description":"","image":"https:\/\/shalom.org.pl\/wp-content\/uploads\/2012\/01\/02.P1271177_cr-1.jpg","url":"https:\/\/shalom.org.pl\/en\/event\/vii-miedzynarodowy-dzien-pamieci-o-ofiarach-holokaustu\/","eventAttendanceMode":"https:\/\/schema.org\/OfflineEventAttendanceMode","eventStatus":"https:\/\/schema.org\/EventScheduled","startDate":"2012-01-27T08:00:00+01:00","endDate":"2012-01-27T17:00:00+01:00","performer":"Organization"}}